{"id":49613,"date":"2024-12-31T11:48:40","date_gmt":"2024-12-31T11:48:40","guid":{"rendered":"https:\/\/dekkbi.com\/?p=49613"},"modified":"2024-12-31T11:48:40","modified_gmt":"2024-12-31T11:48:40","slug":"radie-de-lassemblee-et-revoque-de-la-mairie-de-dakar-barth-un-decembre-noir","status":"publish","type":"post","link":"https:\/\/dekkbi.com\/?p=49613","title":{"rendered":"Radi\u00e9 de l\u2019Assembl\u00e9e et r\u00e9voqu\u00e9 de la mairie de Dakar : Barth\u2019, un d\u00e9cembre noir"},"content":{"rendered":"\n<p>Deux faits majeurs caract\u00e9risent le d\u00e9but de la XV\u00e8me L\u00e9gislature. Il s\u2019agit de la radiation du d\u00e9put\u00e9 de \u00abSam sa kaddu\u00bb, Barth\u00e9lemy Dias, et de la tenue de la D\u00e9claration de politique g\u00e9n\u00e9rale du Pm Ousmane Sonko \u00e0\u2026quatre jours de la fin de l\u2019ann\u00e9e. Barth\u00e9lemy Dias a \u00e9t\u00e9 radi\u00e9 de son poste de d\u00e9put\u00e9 \u00e0 la suite d\u2019une demande du ministre de la Justice, motiv\u00e9e par la condamnation d\u00e9finitive de la t\u00eate de liste de \u00abSam sa kaddu\u00bb dans l\u2019affaire Ndiaga Diouf. Une proc\u00e9dure \u00abinjuste\u00bb d\u00e9nonc\u00e9e par les partisans de Dias, qui n\u2019y voient&nbsp; que de \u00abl\u2019injustice\u00bb. Dans la foul\u00e9e, il va subir un deuxi\u00e8me camouflet avec sa r\u00e9vocation \u00e0 la mairie de Dakar. Un deuxi\u00e8me coup dur pour Dias-fils qui commen\u00e7ait \u00e0 tisser son \u00e9toffe pr\u00e9sidentielle pour 2029 en tentant d\u2019installer un duel avec son ex-ami Sonko.<\/p>\n\n\n\n<p>A la place Soweto aussi, le Pm Ousmane Sonko a fini par tenir vendredi dernier sa Dpg. Cela a \u00e9t\u00e9 suivi par l\u2019adoption sans d\u00e9bat du budget 2025. Un vote suivi de l\u2019installation des 8 nouveaux juges de la Haute cour de justice, \u00e9lus par l\u2019Assembl\u00e9e nationale.<\/p>\n\n\n\n<p><strong>ambodji@lequotidien.sn<\/strong><\/p>\n","protected":false},"excerpt":{"rendered":"<p>Deux faits majeurs caract\u00e9risent le d\u00e9but de la XV\u00e8me L\u00e9gislature. Il s\u2019agit de la radiation du d\u00e9put\u00e9 de \u00abSam sa<\/p>\n","protected":false},"author":1,"featured_media":46252,"comment_status":"open","ping_status":"open","sticky":false,"template":"","format":"standard","meta":{"footnotes":""},"categories":[21],"tags":[],"class_list":["post-49613","post","type-post","status-publish","format-standard","has-post-thumbnail","hentry","category-societe"],"_links":{"self":[{"href":"https:\/\/dekkbi.com\/index.php?rest_route=\/wp\/v2\/posts\/49613","targetHints":{"allow":["GET"]}}],"collection":[{"href":"https:\/\/dekkbi.com\/index.php?rest_route=\/wp\/v2\/posts"}],"about":[{"href":"https:\/\/dekkbi.com\/index.php?rest_route=\/wp\/v2\/types\/post"}],"author":[{"embeddable":true,"href":"https:\/\/dekkbi.com\/index.php?rest_route=\/wp\/v2\/users\/1"}],"replies":[{"embeddable":true,"href":"https:\/\/dekkbi.com\/index.php?rest_route=%2Fwp%2Fv2%2Fcomments&post=49613"}],"version-history":[{"count":1,"href":"https:\/\/dekkbi.com\/index.php?rest_route=\/wp\/v2\/posts\/49613\/revisions"}],"predecessor-version":[{"id":49614,"href":"https:\/\/dekkbi.com\/index.php?rest_route=\/wp\/v2\/posts\/49613\/revisions\/49614"}],"wp:featuredmedia":[{"embeddable":true,"href":"https:\/\/dekkbi.com\/index.php?rest_route=\/wp\/v2\/media\/46252"}],"wp:attachment":[{"href":"https:\/\/dekkbi.com\/index.php?rest_route=%2Fwp%2Fv2%2Fmedia&parent=49613"}],"wp:term":[{"taxonomy":"category","embeddable":true,"href":"https:\/\/dekkbi.com\/index.php?rest_route=%2Fwp%2Fv2%2Fcategories&post=49613"},{"taxonomy":"post_tag","embeddable":true,"href":"https:\/\/dekkbi.com\/index.php?rest_route=%2Fwp%2Fv2%2Ftags&post=49613"}],"curies":[{"name":"wp","href":"https:\/\/api.w.org\/{rel}","templated":true}]}}