{"id":49600,"date":"2024-12-31T11:39:22","date_gmt":"2024-12-31T11:39:22","guid":{"rendered":"https:\/\/dekkbi.com\/?p=49600"},"modified":"2024-12-31T11:39:23","modified_gmt":"2024-12-31T11:39:23","slug":"elections-locales-anticipees-en-2025-le-dementi-de-moussa-balla-fofana","status":"publish","type":"post","link":"https:\/\/dekkbi.com\/?p=49600","title":{"rendered":"\u00c9lections locales anticip\u00e9es en 2025:\u00a0 le d\u00e9menti de Moussa Balla Fofana"},"content":{"rendered":"\n<p><strong>Le ministre de l\u2019Urbanisme, des Collectivit\u00e9s territoriales et de l\u2019Am\u00e9nagement des territoires, Moussa Balla Fofana a balay\u00e9 d\u2019un revers de main l\u2019hypoth\u00e8se de la tenue d\u2019\u00e9lections locales anticip\u00e9es au courant de l\u2019ann\u00e9e 2025.&nbsp;<\/strong><\/p>\n\n\n\n<p>Moussa Balla Fofana, ministre de l\u2019Urbanisme, des Collectivit\u00e9s territoriales et de l\u2019Am\u00e9nagement des territoires, invit\u00e9 de l\u2019\u00e9mission \u00ab En v\u00e9rit\u00e9 \u00bb de Radio S\u00e9n\u00e9gal, dimanche dernier, a exclu toute organisation d\u2019\u00e9lections anticip\u00e9es au courant de l\u2019ann\u00e9e 2025, au lieu de 2027. Ainsi, selon ce responsable du parti Pastef, le nouveau r\u00e9gime a pour unique ambition \u00ab la r\u00e9alisation des grands programmes et la r\u00e9forme de la d\u00e9centralisation \u00bb.<\/p>\n\n\n\n<p>\u00ab Je ne suis pas au courant de cet agenda. Nous venons de sortir de deux phases \u00e9lectorales, il nous reste deux ann\u00e9es pour travailler, car les S\u00e9n\u00e9galais nous ont \u00e9lus pour produire des r\u00e9sultats \u00bb, a-t-il d\u00e9clar\u00e9 d\u2019entr\u00e9e. Une d\u00e9claration en r\u00e9ponse \u00e0 un d\u00e9bat qui commen\u00e7ait \u00e0 s\u2019installer sur de pr\u00e9tendues \u00e9lections locales anticip\u00e9es en 2025. Cette information semble faire \u00e9cho \u00e0 la r\u00e9vocation du maire de Dakar, Barthelemy Dias, de son poste \u00e0 l\u2019issue d\u2019un arr\u00eat\u00e9 pr\u00e9fectoral faisant \u00e9tat de son in\u00e9ligibilit\u00e9. Certains opposants au maire de la capitale avaient soulev\u00e9 l\u2019hypoth\u00e8se d\u2019une d\u00e9l\u00e9gation sp\u00e9ciale ou la tenue d\u2019\u00e9lections anticip\u00e9es. Dans cette m\u00eame dynamique, M. Fofana soutient que cette crise au c\u0153ur de l\u2019institution municipale \u00e0 Dakar n\u2019est pas pr\u00e9judiciable \u00e0 son bon fonctionnement.<\/p>\n\n\n\n<p>\u00ab La mairie n\u2019a pas de probl\u00e8me. C\u2019est un conseiller municipal qui fait face \u00e0 la justice, et le Code des collectivit\u00e9s territoriales a \u00e9t\u00e9 activ\u00e9 par un citoyen, non par le gouvernement. Cela d\u00e9montre la robustesse de notre d\u00e9mocratie \u00bb, a-t-il affirm\u00e9. Le ministre d\u2019ajouter, que \u00ab les relations entre le minist\u00e8re et la mairie sont strictement institutionnelles et fonctionnent dans un cadre juridique clair, align\u00e9 avec les objectifs de la vision S\u00e9n\u00e9gal 2050 \u00bb. Concernant le processus de r\u00e9vision du Code de l\u2019urbanisme, le ministre a indiqu\u00e9 qu\u2019il est en phase d\u2019\u00eatre finalis\u00e9.<\/p>\n\n\n\n<p>Abordant la probl\u00e9matique des logements sociaux, Moussa Balla Fofana a tenu \u00e0 rassurer sur sa faisabilit\u00e9 qui, dit-il, doit permettre de b\u00e2tir 400.000 unit\u00e9s dans les 10 prochaines ann\u00e9es. \u00ab Nous allons mettre en \u0153uvre un partenariat avec le secteur priv\u00e9 pour acc\u00e9l\u00e9rer les constructions. Une plateforme nationale d\u2019acc\u00e8s au logement pour les S\u00e9n\u00e9galais et ceux vivant dans la diaspora, avec 18.000 hectares identifi\u00e9s, sera aussi mise sur pied. Nous visons \u00e0 r\u00e9duire le co\u00fbt du loyer de 50 % \u00e0 30 %, tout en \u00e9quilibrant l\u2019offre et la demande sur le march\u00e9 immobilier \u00bb, affirme-t-il.<\/p>\n\n\n\n<p><strong>Mamadou Makhfouse NGOM<\/strong><br>LESOLEIL<\/p>\n","protected":false},"excerpt":{"rendered":"<p>Le ministre de l\u2019Urbanisme, des Collectivit\u00e9s territoriales et de l\u2019Am\u00e9nagement des territoires, Moussa Balla Fofana a balay\u00e9 d\u2019un revers de<\/p>\n","protected":false},"author":1,"featured_media":44511,"comment_status":"open","ping_status":"open","sticky":false,"template":"","format":"standard","meta":{"footnotes":""},"categories":[6],"tags":[],"class_list":["post-49600","post","type-post","status-publish","format-standard","has-post-thumbnail","hentry","category-politics"],"_links":{"self":[{"href":"https:\/\/dekkbi.com\/index.php?rest_route=\/wp\/v2\/posts\/49600","targetHints":{"allow":["GET"]}}],"collection":[{"href":"https:\/\/dekkbi.com\/index.php?rest_route=\/wp\/v2\/posts"}],"about":[{"href":"https:\/\/dekkbi.com\/index.php?rest_route=\/wp\/v2\/types\/post"}],"author":[{"embeddable":true,"href":"https:\/\/dekkbi.com\/index.php?rest_route=\/wp\/v2\/users\/1"}],"replies":[{"embeddable":true,"href":"https:\/\/dekkbi.com\/index.php?rest_route=%2Fwp%2Fv2%2Fcomments&post=49600"}],"version-history":[{"count":1,"href":"https:\/\/dekkbi.com\/index.php?rest_route=\/wp\/v2\/posts\/49600\/revisions"}],"predecessor-version":[{"id":49601,"href":"https:\/\/dekkbi.com\/index.php?rest_route=\/wp\/v2\/posts\/49600\/revisions\/49601"}],"wp:featuredmedia":[{"embeddable":true,"href":"https:\/\/dekkbi.com\/index.php?rest_route=\/wp\/v2\/media\/44511"}],"wp:attachment":[{"href":"https:\/\/dekkbi.com\/index.php?rest_route=%2Fwp%2Fv2%2Fmedia&parent=49600"}],"wp:term":[{"taxonomy":"category","embeddable":true,"href":"https:\/\/dekkbi.com\/index.php?rest_route=%2Fwp%2Fv2%2Fcategories&post=49600"},{"taxonomy":"post_tag","embeddable":true,"href":"https:\/\/dekkbi.com\/index.php?rest_route=%2Fwp%2Fv2%2Ftags&post=49600"}],"curies":[{"name":"wp","href":"https:\/\/api.w.org\/{rel}","templated":true}]}}