{"id":49596,"date":"2024-12-31T11:36:46","date_gmt":"2024-12-31T11:36:46","guid":{"rendered":"https:\/\/dekkbi.com\/?p=49596"},"modified":"2024-12-31T11:36:46","modified_gmt":"2024-12-31T11:36:46","slug":"villa-du-president-de-lassemblee-nationale-lafp-de-niasse-apporte-des-details-sur-la-transaction","status":"publish","type":"post","link":"https:\/\/dekkbi.com\/?p=49596","title":{"rendered":"Villa du pr\u00e9sident de l\u2019Assembl\u00e9e nationale : L\u2019AFP de Niasse apporte des d\u00e9tails sur la transaction\u00a0"},"content":{"rendered":"\n<p><a href=\"https:\/\/lesoleil.sn\/wp-content\/uploads\/2024\/12\/IMG-20241231-WA0119.jpg\"><\/a>\u00ab L\u2019affaire de la villa a occup\u00e9 une place centrale lors des dossiers de passation des pouvoirs entre le pr\u00e9sident Moustapha Niasse et son successeur Amadou Mame Diop. La remise des cl\u00e9s de la villa, officialisant la transaction, a eu lieu le 20 ao\u00fbt 2024. \u00bb<\/p>\n\n\n\n<p>Cette pr\u00e9cision a \u00e9t\u00e9 donn\u00e9e par le porte-parole de l\u2019Alliance des Forces de Progr\u00e8s (AFP), Alioune Badara Diouck, pour clarifier la pol\u00e9mique sur la vente de la villa de fonction du pr\u00e9sident de l\u2019Assembl\u00e9e nationale.<\/p>\n\n\n\n<p>\u00ab Le pr\u00e9sident Moustapha Niasse a fermement rejet\u00e9 tout projet visant \u00e0 ali\u00e9ner un bien de l\u2019\u00c9tat dans des conditions et proc\u00e9dures plus que douteuses \u00bb, a soulign\u00e9 Diouck, dans un communiqu\u00e9.<\/p>\n\n\n\n<p>L\u2019ancien conseiller technique du pr\u00e9sident de l\u2019Assembl\u00e9e nationale poursuit : \u00ab Cette affaire remonte \u00e0 2017, lorsque le ministre du Budget et le directeur du Patrimoine b\u00e2ti de l\u2019\u00c9tat ont engag\u00e9 une proc\u00e9dure sans en informer le pr\u00e9sident de l\u2019Assembl\u00e9e nationale [Moustapha Niasse]. Le 3 juin 2021, le directeur du Patrimoine b\u00e2ti de l\u2019\u00c9tat a adress\u00e9 une lettre \u00e0 Moustapha Niasse pour lui demander de lui remettre les cl\u00e9s de la villa. La lettre est rest\u00e9e sans r\u00e9ponse. Par la suite, le pr\u00e9sident Niasse a rendu compte de la situation au pr\u00e9sident Macky Sall. \u00bb<\/p>\n\n\n\n<p>L\u2019AFP intervient apr\u00e8s les d\u00e9clarations de l\u2019ancien pr\u00e9sident du groupe parlementaire Benno Bokk Yakaar, Abdou Mbow, qui a mis en cause Moustapha Niasse dans cette transaction.<\/p>\n\n\n\n<p>\u00ab L\u2019honorable d\u00e9put\u00e9 Abdou Mbow a donn\u00e9 une version d\u00e9form\u00e9e de l\u2019affaire de la villa, en modifiant les r\u00f4les et la chronologie des faits \u00bb, a r\u00e9agi le porte-parole du parti progressiste.<\/p>\n\n\n\n<p>Le d\u00e9put\u00e9 de Takku-Wallu, invit\u00e9 dimanche au Grand Jury de RFM, a expliqu\u00e9 : \u00ab Lorsque Moustapha Niasse a pris la pr\u00e9sidence de l\u2019Assembl\u00e9e nationale, il a demand\u00e9 \u00e0 ses services de lui montrer la r\u00e9sidence occup\u00e9e par son pr\u00e9d\u00e9cesseur, Mamadou Seck. Il a d\u00e9couvert que l\u2019\u00c9tat, dans le cadre de la construction d\u2019un lyc\u00e9e \u00e0 Yoff, avait c\u00e9d\u00e9 cette propri\u00e9t\u00e9 \u00e0 un particulier propri\u00e9taire du terrain destin\u00e9 \u00e0 l\u2019\u00e9dification du lyc\u00e9e. Moustapha Niasse a alors saisi le pr\u00e9sident Macky Sall, qui s\u2019y est oppos\u00e9, estimant que cette villa faisait partie du patrimoine de l\u2019\u00c9tat. \u00bb<\/p>\n\n\n\n<p>LESOLEIL<\/p>\n","protected":false},"excerpt":{"rendered":"<p>\u00ab L\u2019affaire de la villa a occup\u00e9 une place centrale lors des dossiers de passation des pouvoirs entre le pr\u00e9sident<\/p>\n","protected":false},"author":1,"featured_media":5191,"comment_status":"open","ping_status":"open","sticky":false,"template":"","format":"standard","meta":{"footnotes":""},"categories":[6],"tags":[],"class_list":["post-49596","post","type-post","status-publish","format-standard","has-post-thumbnail","hentry","category-politics"],"_links":{"self":[{"href":"https:\/\/dekkbi.com\/index.php?rest_route=\/wp\/v2\/posts\/49596","targetHints":{"allow":["GET"]}}],"collection":[{"href":"https:\/\/dekkbi.com\/index.php?rest_route=\/wp\/v2\/posts"}],"about":[{"href":"https:\/\/dekkbi.com\/index.php?rest_route=\/wp\/v2\/types\/post"}],"author":[{"embeddable":true,"href":"https:\/\/dekkbi.com\/index.php?rest_route=\/wp\/v2\/users\/1"}],"replies":[{"embeddable":true,"href":"https:\/\/dekkbi.com\/index.php?rest_route=%2Fwp%2Fv2%2Fcomments&post=49596"}],"version-history":[{"count":1,"href":"https:\/\/dekkbi.com\/index.php?rest_route=\/wp\/v2\/posts\/49596\/revisions"}],"predecessor-version":[{"id":49597,"href":"https:\/\/dekkbi.com\/index.php?rest_route=\/wp\/v2\/posts\/49596\/revisions\/49597"}],"wp:featuredmedia":[{"embeddable":true,"href":"https:\/\/dekkbi.com\/index.php?rest_route=\/wp\/v2\/media\/5191"}],"wp:attachment":[{"href":"https:\/\/dekkbi.com\/index.php?rest_route=%2Fwp%2Fv2%2Fmedia&parent=49596"}],"wp:term":[{"taxonomy":"category","embeddable":true,"href":"https:\/\/dekkbi.com\/index.php?rest_route=%2Fwp%2Fv2%2Fcategories&post=49596"},{"taxonomy":"post_tag","embeddable":true,"href":"https:\/\/dekkbi.com\/index.php?rest_route=%2Fwp%2Fv2%2Ftags&post=49596"}],"curies":[{"name":"wp","href":"https:\/\/api.w.org\/{rel}","templated":true}]}}