{"id":49544,"date":"2024-12-30T10:07:48","date_gmt":"2024-12-30T10:07:48","guid":{"rendered":"https:\/\/dekkbi.com\/?p=49544"},"modified":"2024-12-30T10:33:29","modified_gmt":"2024-12-30T10:33:29","slug":"les-hommages-se-multiplient-apres-la-mort-de-lex-president-americain-jimmy-carter","status":"publish","type":"post","link":"https:\/\/dekkbi.com\/?p=49544","title":{"rendered":"Mort Jimmy Carter &#8211; Les hommages se multiplient"},"content":{"rendered":"\n<p>\u00ab<em>&nbsp;Homme de principe<\/em>&nbsp;\u00bb pour Joe Biden, d\u00e9fenseur \u00ab&nbsp;<em>des droits des personnes vuln\u00e9rables&nbsp;<\/em>\u00bb pour Emmanuel Macron, l&rsquo;ancien pr\u00e9sident des \u00c9tats-Unis Jimmy Carter, mort dimanche \u00e0 l&rsquo;\u00e2ge de 100 ans, est salu\u00e9 dans le monde pour son engagement en faveur des droits humains. Une journ\u00e9e de deuil national sera observ\u00e9e aux Etats-Unis le 9 janvier, a annonc\u00e9 Joe Biden.<\/p>\n\n\n\n<p>Aux \u00c9tats-Unis, de nombreux pr\u00e9sidents ont rendu hommage \u00e0 Jimmy Carter et \u00e0 son travail, tant \u00e0 la Maison Blanche qu&rsquo;apr\u00e8s avec son engagement dans l&rsquo;humanitaire, mais aussi pour la d\u00e9mocratie.<\/p>\n\n\n\n<p>\u00ab<em>&nbsp;L&rsquo;Am\u00e9rique et le monde ont perdu un dirigeant, un homme d&rsquo;\u00c9tat et un humanitaire extraordinaire<\/em>&nbsp;\u00bb, ont r\u00e9agi le pr\u00e9sident am\u00e9ricain&nbsp;<strong>Joe Biden<\/strong>&nbsp;et son \u00e9pouse dans un communiqu\u00e9. \u00ab&nbsp;<em>Pour tous ceux qui cherchent \u00e0 savoir ce que cela veut dire de vivre une vie qui a un but et un sens [&#8230;] \u00e9tudiez Jimmy Carter, un homme de principe, de foi et d&rsquo;humilit\u00e9&nbsp;<\/em>\u00bb.<\/p>\n\n\n\n<p>Les Etats-Unis observeront le 9 janvier une journ\u00e9e de deuil national en l&rsquo;honneur de l&rsquo;ex-pr\u00e9sident Jimmy Carter, d\u00e9c\u00e9d\u00e9 dimanche \u00e0 l&rsquo;\u00e2ge de 100 ans, a annonc\u00e9 la Maison Blanche. \u00ab<em>&nbsp;J&rsquo;appelle le peuple am\u00e9ricain \u00e0 se rassembler ce jour-l\u00e0 dans leurs lieux de culte respectifs, afin de rendre hommage \u00e0 la m\u00e9moire du pr\u00e9sident James Earl Carter, Jr. J&rsquo;invite ceux qui dans le monde partagent notre peine \u00e0 se joindre \u00e0 nous dans cette comm\u00e9moration solennelle \u00bb<\/em>, a d\u00e9clar\u00e9 le pr\u00e9sident sortant Joe Biden dans un d\u00e9cret mis en ligne dimanche soir.<\/p>\n\n\n\n<p>\u00ab<em>&nbsp;Les d\u00e9fis auxquels Jimmy a \u00e9t\u00e9 confront\u00e9 en tant que pr\u00e9sident ont surgi \u00e0 un moment crucial pour notre pays et il a fait tout ce qui \u00e9tait en son pouvoir pour am\u00e9liorer la vie de tous les Am\u00e9ricains<\/em>&nbsp;\u00bb, a de son c\u00f4t\u00e9 \u00e9crit&nbsp;<strong>Donald Trump<\/strong>, le 45e et bient\u00f4t 47e pr\u00e9sident am\u00e9ricain, \u00e0 propos du 39e.<\/p>\n\n\n\n<p>Jimmy Carter \u00ab<em>&nbsp;a \u0153uvr\u00e9 sans rel\u00e2che pour un monde meilleur et plus juste<\/em>&nbsp;\u00bb, ont salu\u00e9 dans un communiqu\u00e9 l&rsquo;ex-locataire de la Maison Blanche Bill Clinton et son \u00e9pouse Hillary Clinton qui fut candidate \u00e0 la pr\u00e9sidence. \u00ab<em>&nbsp;Guid\u00e9 par sa foi, le pr\u00e9sident Carter a v\u00e9cu au service des autres \u2013 jusqu&rsquo;\u00e0 la toute fin&nbsp;<\/em>\u00bb.<\/p>\n\n\n\n<p>L&rsquo;ancien pr\u00e9sident r\u00e9publicain George W. Bush a qualifi\u00e9 Jimmy Carter, un d\u00e9mocrate, d&rsquo;\u00ab<em>\u00a0homme de convictions profondes<\/em>\u00a0\u00bb, estimant que \u00ab<em>\u00a0ses efforts pour laisser un monde meilleur ne se sont pas limit\u00e9s \u00e0 sa pr\u00e9sidence<\/em>\u00a0\u00bb de 1977 \u00e0 1981.<\/p>\n\n\n\n<h2 class=\"wp-block-heading\">Le pr\u00e9sident du Panama salue son r\u00f4le pour le retour du contr\u00f4le du canal \u00e0 son pays<\/h2>\n\n\n\n<p>Dans le monde,&nbsp;<strong>Emmanuel Macron<\/strong>&nbsp;a soulign\u00e9 que Jimmy Carter \u00ab<em>&nbsp;a d\u00e9fendu les droits des personnes les plus vuln\u00e9rables et men\u00e9 sans rel\u00e2che le combat pour la paix<\/em>&nbsp;\u00bb,&nbsp; sur X.<\/p>\n\n\n\n<p>Le pr\u00e9sident \u00e9gyptien&nbsp;<strong>Abdel Fattah al-Sissi<\/strong>&nbsp;a salu\u00e9 le \u00ab<em>&nbsp;r\u00f4le important<\/em>&nbsp;\u00bb de Jimmy Carter artisan des accords de de Camp David de 1978, pour la paix entre l&rsquo;Egypte et Isra\u00ebl.<\/p>\n\n\n\n<p>Le pr\u00e9sident br\u00e9silien&nbsp;<strong>Luiz Inacio Lula da Silva<\/strong>&nbsp;a rendu hommage \u00e0 \u00ab<em>&nbsp;un amoureux de la d\u00e9mocratie et un d\u00e9fenseur de la paix&nbsp;<\/em>\u00bb qui, apr\u00e8s son d\u00e9part de la Maison Blanche, a continu\u00e9 \u00e0 agir pour \u00ab<em>&nbsp;promouvoir les droits humains et la paix et \u00e9radiquer des maladies en Afrique et en Am\u00e9rique latine<\/em>&nbsp;\u00bb.<\/p>\n\n\n\n<p>Le pr\u00e9sident du&nbsp;<strong>Panama<\/strong>&nbsp;a soulign\u00e9 le r\u00f4le de Jimmy Carter pour la n\u00e9gociation du trait\u00e9 sign\u00e9 pendant sa pr\u00e9sidence, en 1977, qui a ouvert la voie au transfert du canal de Panama sous contr\u00f4le panam\u00e9en le 31 d\u00e9cembre 1999. Gr\u00e2ce \u00e0 ces derniers, \u00ab<em>&nbsp;le transfert du canal au Panama et la pleine souverainet\u00e9 de notre pays ont \u00e9t\u00e9 r\u00e9alis\u00e9s<\/em>&nbsp;\u00bb, a estim\u00e9 Jos\u00e9 Ra\u00fal Mulino au moment o\u00f9 Donald Trump menace de reprendre le contr\u00f4le de cette voie de passage cruciale pour le commerce international.<\/p>\n\n\n\n<p><strong>Volodymyr Zelensky,<\/strong>&nbsp;pr\u00e9sident ukrainien, a rappel\u00e9 le soutien ferme \u00e0 Kiev dans son combat \u00ab<em>&nbsp;pour la libert\u00e9<\/em>&nbsp;\u00bb, dans le contexte de l&rsquo;invasion russe de l&rsquo;Ukraine. \u00ab<em>&nbsp;Son c\u0153ur s&rsquo;est tenu fermement \u00e0 nos c\u00f4t\u00e9s dans notre combat continu pour la libert\u00e9 [&#8230;]. Nous appr\u00e9cions son engagement in\u00e9branlable envers la foi chr\u00e9tienne et les valeurs d\u00e9mocratiques, de m\u00eame que son soutien ind\u00e9fectible \u00e0 l&rsquo;Ukraine face \u00e0 l&rsquo;agression injustifi\u00e9e de la Russie<\/em>&nbsp;\u00bb, a \u00e9crit Volodymyr Zelensky sur X.<\/p>\n\n\n\n<p>Le pr\u00e9sident cubain Miguel Diaz-Canel a assur\u00e9 que les Cubains se souviendraient avec \u00ab<em>&nbsp;gratitude<\/em>&nbsp;\u00bb de l&rsquo;ancien pr\u00e9sident am\u00e9ricain Jimmy Carter, d\u00e9c\u00e9d\u00e9 dimanche, pour ses efforts en faveur de \u00ab&nbsp;<em>l&rsquo;am\u00e9lioration des relations&nbsp;<\/em>\u00bb entre les deux pays.<\/p>\n\n\n\n<p>Pour le directeur de l&rsquo;Organisation mondiale de la Sant\u00e9 Tedros Adhanom Ghebreyesus, le travail de la fondation de Jimmy Carter \u00ab<em>&nbsp;a permis de sauver d&rsquo;innombrables vies et de rapprocher de l&rsquo;\u00e9limination de nombreuses maladies tropicales n\u00e9glig\u00e9es<\/em>&nbsp;\u00bb.<\/p>\n\n\n\n<p><strong>Keir Starmer<\/strong>, Premier ministre britannique, a rendu hommage \u00e0 l&rsquo;engagement pour la paix de l&rsquo;ex-pr\u00e9sident am\u00e9ricain. \u00ab<em>\u00a0Motiv\u00e9 par sa foi et ses valeurs profondes, le pr\u00e9sident Carter a red\u00e9fini l&rsquo;apr\u00e8s-pr\u00e9sidence gr\u00e2ce \u00e0 un engagement remarquable en faveur de la justice sociale et des droits humains dans son pays et \u00e0 l&rsquo;\u00e9tranger<\/em>\u00a0\u00bb, a ajout\u00e9 le dirigeant travailliste, tandis que le roi Charles III a soulign\u00e9 que l&rsquo;ancien pr\u00e9sident avait \u00ab<em>\u00a0consacr\u00e9 sa vie \u00e0 \u0153uvrer pour la paix et les droits humains<\/em>\u00a0\u00bb.<\/p>\n\n\n\n<p>SOURCE RFI<\/p>\n","protected":false},"excerpt":{"rendered":"<p>\u00ab&nbsp;Homme de principe&nbsp;\u00bb pour Joe Biden, d\u00e9fenseur \u00ab&nbsp;des droits des personnes vuln\u00e9rables&nbsp;\u00bb pour Emmanuel Macron, l&rsquo;ancien pr\u00e9sident des \u00c9tats-Unis Jimmy<\/p>\n","protected":false},"author":1,"featured_media":49545,"comment_status":"open","ping_status":"open","sticky":false,"template":"","format":"standard","meta":{"footnotes":""},"categories":[51],"tags":[],"class_list":["post-49544","post","type-post","status-publish","format-standard","has-post-thumbnail","hentry","category-general"],"_links":{"self":[{"href":"https:\/\/dekkbi.com\/index.php?rest_route=\/wp\/v2\/posts\/49544","targetHints":{"allow":["GET"]}}],"collection":[{"href":"https:\/\/dekkbi.com\/index.php?rest_route=\/wp\/v2\/posts"}],"about":[{"href":"https:\/\/dekkbi.com\/index.php?rest_route=\/wp\/v2\/types\/post"}],"author":[{"embeddable":true,"href":"https:\/\/dekkbi.com\/index.php?rest_route=\/wp\/v2\/users\/1"}],"replies":[{"embeddable":true,"href":"https:\/\/dekkbi.com\/index.php?rest_route=%2Fwp%2Fv2%2Fcomments&post=49544"}],"version-history":[{"count":2,"href":"https:\/\/dekkbi.com\/index.php?rest_route=\/wp\/v2\/posts\/49544\/revisions"}],"predecessor-version":[{"id":49564,"href":"https:\/\/dekkbi.com\/index.php?rest_route=\/wp\/v2\/posts\/49544\/revisions\/49564"}],"wp:featuredmedia":[{"embeddable":true,"href":"https:\/\/dekkbi.com\/index.php?rest_route=\/wp\/v2\/media\/49545"}],"wp:attachment":[{"href":"https:\/\/dekkbi.com\/index.php?rest_route=%2Fwp%2Fv2%2Fmedia&parent=49544"}],"wp:term":[{"taxonomy":"category","embeddable":true,"href":"https:\/\/dekkbi.com\/index.php?rest_route=%2Fwp%2Fv2%2Fcategories&post=49544"},{"taxonomy":"post_tag","embeddable":true,"href":"https:\/\/dekkbi.com\/index.php?rest_route=%2Fwp%2Fv2%2Ftags&post=49544"}],"curies":[{"name":"wp","href":"https:\/\/api.w.org\/{rel}","templated":true}]}}