{"id":49526,"date":"2024-12-30T09:32:39","date_gmt":"2024-12-30T09:32:39","guid":{"rendered":"https:\/\/dekkbi.com\/?p=49526"},"modified":"2024-12-30T09:32:39","modified_gmt":"2024-12-30T09:32:39","slug":"assemblee-nouveaux-membres-de-la-haute-cour-de-justice-les-juges-titulaires-et-suppleants-pretent-serment","status":"publish","type":"post","link":"https:\/\/dekkbi.com\/?p=49526","title":{"rendered":"Assembl\u00e9e \u2013 Nouveaux membres de la Haute cour de justice : Les juges titulaires et suppl\u00e9ants pr\u00eatent serment"},"content":{"rendered":"\n<p><strong>Les huit juges \u00e9lus par l\u2019Assembl\u00e9e nationale pour si\u00e9ger \u00e0 la Haute cour de justice sont connus. Ils ont pr\u00eat\u00e9 serment, avec leurs huit suppl\u00e9ants, \u00e0 l\u2019H\u00e9micycle devant le pr\u00e9sident de l\u2019Assembl\u00e9e nationale, El Hadji Malick Ndiaye. Les nouveaux juges, des d\u00e9put\u00e9s de la majorit\u00e9 et de l\u2019opposition, mesurent la lourdeur de leur t\u00e2che et s\u2019engagent \u00e0 bien ex\u00e9cuter celle-ci.&nbsp;<\/strong><strong>Par Justin GOMIS \u2013<\/strong><\/p>\n\n\n\n<p>Apr\u00e8s leur installation, les membres de la Haute cour de justice ont pr\u00eat\u00e9 serment ce samedi devant le pr\u00e9sident de l\u2019Assembl\u00e9e nationale, Malick Ndiaye. Il s\u2019agit de huit titulaires (Alioune Ndao, Ramatoulaye Bodian, Youngar Dione, Amadou B\u00e2 no2, Rokhy Ndiaye, Ayib Daff\u00e9, Daba Wagane, Abdou Mbow) et huit suppl\u00e9ants (Samba Dang, Oulimata Sidib\u00e9, El Hadji Babacar Tamb\u00e9dou, Fatou Diop Ciss\u00e9, Kaba Diakhit\u00e9, Mberry H\u00e9l\u00e8ne Ndoffane Diouf, May\u00e9b\u00e9 Mbaye et Fatou Sow).<\/p>\n\n\n\n<p>Ces membres de la Haute cour de justice sont devenus des juges titulaires et des juges suppl\u00e9ants. Ils auront la lourde t\u00e2che de juger les plus hautes autorit\u00e9s de l\u2019Etat.<\/p>\n\n\n\n<p>\u00abNous allons tout faire pour \u00eatre \u00e0 la hauteur. C\u2019est une Cour tr\u00e8s importante. Il s\u2019agit de la vie de certaines personnes. On va agir comme des r\u00e9publicains. Il n\u2019y aura pas un esprit de vengeance. Par contre, quand il s\u2019agira de la v\u00e9rit\u00e9, on va la dire. Je n\u2019ai pas fait du Droit, mais je suis s\u00fbr et certain que je ne ferai jamais partie de ceux qui vont porter pr\u00e9judice \u00e0 une tierce personne\u00bb, a rassur\u00e9 l\u2019honorable d\u00e9put\u00e9e Rama Bodian.<\/p>\n\n\n\n<p>L\u2019ancien Procureur sp\u00e9cial pr\u00e8s la Cour de r\u00e9pression de l\u2019enrichissement illicite (Crei) s\u2019est quant \u00e0 lui r\u00e9joui de l\u2019op\u00e9rationnalit\u00e9 de cette Cour. \u00abLa Haute cour de justice avait disparu depuis l\u2019affaire des chantiers de Thi\u00e8s avec l\u2019ancien Premier ministre, Idrissa Seck. C\u2019est un honneur de faire partie de cette Cour. Les r\u00e9gimes pr\u00e9c\u00e9dents \u00e9taient r\u00e9fractaires \u00e0 l\u2019existence de cette Cour. Mais, le r\u00e9gime actuel a d\u00e9cid\u00e9 de se conformer avec les dispositions de la Constitution\u00bb, a-t-il appr\u00e9ci\u00e9.<\/p>\n\n\n\n<p>L\u2019essentiel des t\u00e2ches de cette juridiction dont la mission est de juger les ministres en exercice et les anciens ministres de m\u00eame que le pr\u00e9sident de la R\u00e9publique en fonction et ses anciens pr\u00e9d\u00e9cesseurs, s\u2019ils sont accus\u00e9s de fautes ou autres manquements dans l\u2019exercice de leurs fonctions, sera essentiellement effectu\u00e9 par des magistrats professionnels. Puisque la Haute cour de justice est pr\u00e9sid\u00e9e par le Premier pr\u00e9sident de la Cour supr\u00eame alors que le Procureur g\u00e9n\u00e9ral pr\u00e8s la Cour supr\u00eame y assure les fonctions de Minist\u00e8re public.<\/p>\n\n\n\n<p>La commission d\u2019instruction de la Haute cour de justice a la charge d\u2019instruire les dossiers, apr\u00e8s que les mises en accusation ont \u00e9t\u00e9 vot\u00e9es par l\u2019Assembl\u00e9e nationale. Elle est pr\u00e9sid\u00e9e par le Premier pr\u00e9sident de la Cour d\u2019appel de Dakar, qui est assist\u00e9 par des magistrats du si\u00e8ge.<\/p>\n\n\n\n<p><strong>justin@lequotidien.sn<\/strong><\/p>\n","protected":false},"excerpt":{"rendered":"<p>Les huit juges \u00e9lus par l\u2019Assembl\u00e9e nationale pour si\u00e9ger \u00e0 la Haute cour de justice sont connus. Ils ont pr\u00eat\u00e9<\/p>\n","protected":false},"author":1,"featured_media":49527,"comment_status":"open","ping_status":"open","sticky":false,"template":"","format":"standard","meta":{"footnotes":""},"categories":[6],"tags":[],"class_list":["post-49526","post","type-post","status-publish","format-standard","has-post-thumbnail","hentry","category-politics"],"_links":{"self":[{"href":"https:\/\/dekkbi.com\/index.php?rest_route=\/wp\/v2\/posts\/49526","targetHints":{"allow":["GET"]}}],"collection":[{"href":"https:\/\/dekkbi.com\/index.php?rest_route=\/wp\/v2\/posts"}],"about":[{"href":"https:\/\/dekkbi.com\/index.php?rest_route=\/wp\/v2\/types\/post"}],"author":[{"embeddable":true,"href":"https:\/\/dekkbi.com\/index.php?rest_route=\/wp\/v2\/users\/1"}],"replies":[{"embeddable":true,"href":"https:\/\/dekkbi.com\/index.php?rest_route=%2Fwp%2Fv2%2Fcomments&post=49526"}],"version-history":[{"count":1,"href":"https:\/\/dekkbi.com\/index.php?rest_route=\/wp\/v2\/posts\/49526\/revisions"}],"predecessor-version":[{"id":49528,"href":"https:\/\/dekkbi.com\/index.php?rest_route=\/wp\/v2\/posts\/49526\/revisions\/49528"}],"wp:featuredmedia":[{"embeddable":true,"href":"https:\/\/dekkbi.com\/index.php?rest_route=\/wp\/v2\/media\/49527"}],"wp:attachment":[{"href":"https:\/\/dekkbi.com\/index.php?rest_route=%2Fwp%2Fv2%2Fmedia&parent=49526"}],"wp:term":[{"taxonomy":"category","embeddable":true,"href":"https:\/\/dekkbi.com\/index.php?rest_route=%2Fwp%2Fv2%2Fcategories&post=49526"},{"taxonomy":"post_tag","embeddable":true,"href":"https:\/\/dekkbi.com\/index.php?rest_route=%2Fwp%2Fv2%2Ftags&post=49526"}],"curies":[{"name":"wp","href":"https:\/\/api.w.org\/{rel}","templated":true}]}}