{"id":4952,"date":"2022-12-20T10:54:16","date_gmt":"2022-12-20T10:54:16","guid":{"rendered":"https:\/\/dekkbi.com\/?p=4952"},"modified":"2022-12-20T10:54:17","modified_gmt":"2022-12-20T10:54:17","slug":"activite-economique-au-sein-de-luemoa-les-resultats-juges-encourageants","status":"publish","type":"post","link":"https:\/\/dekkbi.com\/?p=4952","title":{"rendered":"Activit\u00e9 \u00e9conomique au sein de l&rsquo;UEMOA: Les r\u00e9sultats jug\u00e9s encourageants"},"content":{"rendered":"\n<p><strong>Le ministre de l\u2019Economie et des finances du Togo, Sani Yaya, par ailleurs pr\u00e9sident en exercice du Conseil des ministres de l&rsquo;UEMOA, rel\u00e8ve que malgr\u00e9 les impacts n\u00e9gatifs de l\u2019environnement international, les r\u00e9sultats \u00e9conomiques enregistr\u00e9s par les pays de l\u2019Union au cours du troisi\u00e8me trimestre 2022, sont encourageants. <\/strong><\/p>\n\n\n\n<p><strong>Par Dialigu\u00e9 FAYE<\/strong>\u00a0\u2013 <\/p>\n\n\n\n<p>Au troisi\u00e8me trimestre 2022, les r\u00e9sultats \u00e9conomiques enregistr\u00e9s par les pays de l\u2019Union \u00e9conomique et mon\u00e9taire ouest-africaine (UEMOA) sont encourageants, a relev\u00e9 hier, le ministre de l\u2019Economie et des finances du Togo, Sani Yaya, par ailleurs pr\u00e9sident en exercice du Conseil des ministres de l&rsquo;UEMOA, \u00e0 l\u2019ouverture de la derni\u00e8re session du Conseil des ministres de l\u2019Union au titre de l\u2019ann\u00e9e 2022, tenue au si\u00e8ge de la BCEAO. Cette session, souligne-t-il, \u00abse tient au terme d\u2019une troisi\u00e8me ann\u00e9e relativement \u00e9prouvante pour les populations et les \u00e9conomies, en raison des cons\u00e9quences persistantes de la crise sanitaire et des effets induits par la crise russo-ukrainienne\u00bb. Mais, se f\u00e9licite le Togolais, \u00abau sein de l&rsquo;UEMOA, l\u2019activit\u00e9 \u00e9conomique est rest\u00e9e dynamique, avec une progression de 5,7% du Pib sur un an, soit le m\u00eame taux de croissance enregistr\u00e9 le trimestre pr\u00e9c\u00e9dent. Cette \u00e9volution a \u00e9t\u00e9 port\u00e9e par la hausse de la valeur ajout\u00e9e dans l\u2019ensemble des secteurs de production. Du c\u00f4t\u00e9 de la demande, la consommation finale et les investissements sont demeur\u00e9s sou\u00adtenus\u00bb.<\/p>\n\n\n\n<p>Pour justifier cette \u00e9volution positive, le pr\u00e9sident du Conseil des ministres de l\u2019Uemoa invoque \u00abla qualit\u00e9 des politiques men\u00e9es et les diff\u00e9rents plans de relance engag\u00e9s par les Etats qui ont succ\u00e9d\u00e9 aux mesures d\u2019urgence adopt\u00e9es pour faire face aux cons\u00e9quences \u00e9conomiques et sociales de la crise du Covid-19\u00bb. Il exhorte ainsi \u00ab\u00e0 la poursuite des efforts, afin de relever les d\u00e9fis du renforcement de la base de nos \u00e9conomies et de l\u2019am\u00e9lioration du bien-\u00eatre des populations\u00bb. Et de se r\u00e9jouir de toutes les initiatives prises par le gouverneur de la&nbsp;Bceao, le pr\u00e9sident de la&nbsp;Banque ouest-africaine de d\u00e9veloppement (Boad)&nbsp;ainsi que par le pr\u00e9sident de l\u2019Autorit\u00e9 des march\u00e9s financiers, afin d\u2019accro\u00eetre la r\u00e9silience des \u00e9conomies des pays-membres de l\u2019Uemoa face aux multiples chocs internes et externes qui affectent l\u2019Union.<\/p>\n\n\n\n<p>Au cours de sa session, le Conseil des ministres devrait appr\u00e9cier des points relatifs au rapport sur la situation \u00e9conomique et mon\u00e9taire de l\u2019Uemoa&nbsp;au 30 septembre 2022 et le cadrage macro\u00e9conomique de l\u2019Union pour les ann\u00e9es 2022 \u00e0 2027.<\/p>\n\n\n\n<p>L\u2019instance communautaire devrait aussi se pencher sur le projet de d\u00e9cision portant modification du Dispositif prudentiel applicable aux \u00e9tablissements de cr\u00e9dit et aux compagnies financi\u00e8res&nbsp;; ainsi que les projets de d\u00e9cisions portant d\u00e9signation des repr\u00e9sentants des Etats au sein du Conseil d\u2019administration du Fonds de garantie des d\u00e9p\u00f4ts et de r\u00e9solution de l\u2019Uemoa.<\/p>\n\n\n\n<p>Des dossiers concernant la\u00a0Boad, la Commission de l&rsquo;UEMOA\u00a0et l\u2019Autorit\u00e9 des march\u00e9s financiers de l\u2019Union mon\u00e9taire ouest-africaine (UEMOA) seront \u00e9galement au menu de cette derni\u00e8re session du Conseil des ministres de l&rsquo;UEMOA.<\/p>\n\n\n\n<p><br><strong>dialigue@lequotidien.sn<\/strong><\/p>\n","protected":false},"excerpt":{"rendered":"<p>Le ministre de l\u2019Economie et des finances du Togo, Sani Yaya, par ailleurs pr\u00e9sident en exercice du Conseil des ministres<\/p>\n","protected":false},"author":1,"featured_media":4953,"comment_status":"open","ping_status":"open","sticky":false,"template":"","format":"standard","meta":{"footnotes":""},"categories":[3],"tags":[],"class_list":["post-4952","post","type-post","status-publish","format-standard","has-post-thumbnail","hentry","category-event-more-news"],"_links":{"self":[{"href":"https:\/\/dekkbi.com\/index.php?rest_route=\/wp\/v2\/posts\/4952","targetHints":{"allow":["GET"]}}],"collection":[{"href":"https:\/\/dekkbi.com\/index.php?rest_route=\/wp\/v2\/posts"}],"about":[{"href":"https:\/\/dekkbi.com\/index.php?rest_route=\/wp\/v2\/types\/post"}],"author":[{"embeddable":true,"href":"https:\/\/dekkbi.com\/index.php?rest_route=\/wp\/v2\/users\/1"}],"replies":[{"embeddable":true,"href":"https:\/\/dekkbi.com\/index.php?rest_route=%2Fwp%2Fv2%2Fcomments&post=4952"}],"version-history":[{"count":1,"href":"https:\/\/dekkbi.com\/index.php?rest_route=\/wp\/v2\/posts\/4952\/revisions"}],"predecessor-version":[{"id":4954,"href":"https:\/\/dekkbi.com\/index.php?rest_route=\/wp\/v2\/posts\/4952\/revisions\/4954"}],"wp:featuredmedia":[{"embeddable":true,"href":"https:\/\/dekkbi.com\/index.php?rest_route=\/wp\/v2\/media\/4953"}],"wp:attachment":[{"href":"https:\/\/dekkbi.com\/index.php?rest_route=%2Fwp%2Fv2%2Fmedia&parent=4952"}],"wp:term":[{"taxonomy":"category","embeddable":true,"href":"https:\/\/dekkbi.com\/index.php?rest_route=%2Fwp%2Fv2%2Fcategories&post=4952"},{"taxonomy":"post_tag","embeddable":true,"href":"https:\/\/dekkbi.com\/index.php?rest_route=%2Fwp%2Fv2%2Ftags&post=4952"}],"curies":[{"name":"wp","href":"https:\/\/api.w.org\/{rel}","templated":true}]}}