{"id":49519,"date":"2024-12-30T09:10:28","date_gmt":"2024-12-30T09:10:28","guid":{"rendered":"https:\/\/dekkbi.com\/?p=49519"},"modified":"2024-12-30T09:12:17","modified_gmt":"2024-12-30T09:12:17","slug":"scene-politique-active-macky-sall-se-retire-et-envisage-de-seloigner-de-lapr","status":"publish","type":"post","link":"https:\/\/dekkbi.com\/?p=49519","title":{"rendered":"Sc\u00e8ne politique active: Macky Sall se retire et envisage de s\u2019\u00e9loigner de l\u2019APR&#8230;"},"content":{"rendered":"\n<h3 class=\"wp-block-heading\">L\u2019ancien pr\u00e9sident de la R\u00e9publique, Macky Sall, a d\u00e9cid\u00e9 de se d\u00e9charger de ses fonctions politiques au sein de l\u2019APR pour une p\u00e9riode non encore d\u00e9termin\u00e9e. <\/h3>\n\n\n\n<p>C\u2019est l\u2019ancien pr\u00e9sident de la R\u00e9publique qui confirme lui-m\u00eame l\u2019information \u00e0 la revue \u00ab\u00a0ConfidentielDakar\u00a0\u00bb . Ainsi, il a demand\u00e9 \u00e0 \u00eatre d\u00e9charg\u00e9 des t\u00e2ches quotidiennes et va devenir pr\u00e9sident d\u2019honneur. S\u2019il ne se retire pas totalement de la vie politique, Macky Sall a d\u00e9cid\u00e9 de se consacrer \u00e0 ses activit\u00e9s sur le plan international, selon toujours la revue lue par DakarActu. <\/p>\n\n\n\n<p>Ainsi, en d\u00e9but d\u2019ann\u00e9e 2025, un nouveau congr\u00e8s devrait consacrer ce changement majeur dans la vie de l\u2019ancien parti au pouvoir. La semaine derni\u00e8re, un petit comit\u00e9 a \u00e9t\u00e9 r\u00e9uni discr\u00e8tement \u00e0 la demande de Macky Sall pour travailler dans un sch\u00e9ma avec l\u2019instauration d\u2019un secr\u00e9tariat permanent pour diriger les activit\u00e9s du parti. Il faudra \u00e9galement d\u00e9signer une personne pour coordonner les activit\u00e9s en l\u2019absence de Macky Sall. Ce qui ne sera pas t\u00e2che facile vu les ambitions des uns et des autres. Ce changement majeur a \u00e9t\u00e9 en r\u00e9alit\u00e9 annonc\u00e9 depuis le congr\u00e8s extraordinaire de d\u00e9cembre 2023 qui annon\u00e7ait des modifications importantes dans l\u2019organisation de l\u2019APR.<\/p>\n\n\n\n<p>SOURCE DAKARACTU<\/p>\n\n\n\n<p><\/p>\n","protected":false},"excerpt":{"rendered":"<p>L\u2019ancien pr\u00e9sident de la R\u00e9publique, Macky Sall, a d\u00e9cid\u00e9 de se d\u00e9charger de ses fonctions politiques au sein de l\u2019APR<\/p>\n","protected":false},"author":1,"featured_media":31824,"comment_status":"open","ping_status":"open","sticky":false,"template":"","format":"standard","meta":{"footnotes":""},"categories":[6],"tags":[],"class_list":["post-49519","post","type-post","status-publish","format-standard","has-post-thumbnail","hentry","category-politics"],"_links":{"self":[{"href":"https:\/\/dekkbi.com\/index.php?rest_route=\/wp\/v2\/posts\/49519","targetHints":{"allow":["GET"]}}],"collection":[{"href":"https:\/\/dekkbi.com\/index.php?rest_route=\/wp\/v2\/posts"}],"about":[{"href":"https:\/\/dekkbi.com\/index.php?rest_route=\/wp\/v2\/types\/post"}],"author":[{"embeddable":true,"href":"https:\/\/dekkbi.com\/index.php?rest_route=\/wp\/v2\/users\/1"}],"replies":[{"embeddable":true,"href":"https:\/\/dekkbi.com\/index.php?rest_route=%2Fwp%2Fv2%2Fcomments&post=49519"}],"version-history":[{"count":1,"href":"https:\/\/dekkbi.com\/index.php?rest_route=\/wp\/v2\/posts\/49519\/revisions"}],"predecessor-version":[{"id":49520,"href":"https:\/\/dekkbi.com\/index.php?rest_route=\/wp\/v2\/posts\/49519\/revisions\/49520"}],"wp:featuredmedia":[{"embeddable":true,"href":"https:\/\/dekkbi.com\/index.php?rest_route=\/wp\/v2\/media\/31824"}],"wp:attachment":[{"href":"https:\/\/dekkbi.com\/index.php?rest_route=%2Fwp%2Fv2%2Fmedia&parent=49519"}],"wp:term":[{"taxonomy":"category","embeddable":true,"href":"https:\/\/dekkbi.com\/index.php?rest_route=%2Fwp%2Fv2%2Fcategories&post=49519"},{"taxonomy":"post_tag","embeddable":true,"href":"https:\/\/dekkbi.com\/index.php?rest_route=%2Fwp%2Fv2%2Ftags&post=49519"}],"curies":[{"name":"wp","href":"https:\/\/api.w.org\/{rel}","templated":true}]}}