{"id":49491,"date":"2024-12-28T12:09:03","date_gmt":"2024-12-28T12:09:03","guid":{"rendered":"https:\/\/dekkbi.com\/?p=49491"},"modified":"2024-12-28T12:09:04","modified_gmt":"2024-12-28T12:09:04","slug":"ousmane-sonko-solde-ses-comptes-avec-le-regime-de-macky-sall-ce-pays-changera-au-forceps","status":"publish","type":"post","link":"https:\/\/dekkbi.com\/?p=49491","title":{"rendered":"Ousmane Sonko solde ses comptes avec le r\u00e9gime de Macky Sall \u2013 \u00abCe pays changera au forceps\u00bb"},"content":{"rendered":"\n<p>Au d\u00e9but de sa Dpg, il avait livr\u00e9 un discours aseptis\u00e9, concentr\u00e9 sur ses orientations et objectifs. Dans les r\u00e9ponses aux interpellations des d\u00e9put\u00e9s, le Premier ministre est revenu au classicisme en soldant ses comptes avec l\u2019ancien r\u00e9gime coupable, \u00e0 ses yeux, de la situation catastrophique dans laquelle ce pays se trouve.<\/p>\n\n\n\n<p>Par Justin GOMIS \u2013Il lui a fallu plus de 2 h pour \u00e9puiser les 104 pages de sa D\u00e9claration de politique g\u00e9n\u00e9rale (Dpg) sans verser dans des asp\u00e9rit\u00e9s. Mais, chasser le naturel, il revient au galop : Ousmane Sonko a remis son costume de combattant, retrouv\u00e9 son verve d\u2019homme politique tr\u00e8s pol\u00e9miste, en reprenant la parole pour r\u00e9pondre aux questions des d\u00e9put\u00e9s.9 mois apr\u00e8s l\u2019accession au pouvoir de Diomaye Faye, le Premier ministre continue \u00e0 solder ses comptes avec le r\u00e9gime Sall accus\u00e9 de tous les maux. \u00abIl y des gens qui devraient avoir honte de parler et surtout de le faire de cette mani\u00e8re. Personne, except\u00e9 un seul intervenant, n\u2019a remis en cause les orientations que nous avons. Chacun d\u2019entre nous doit \u00e9viter de se faire prendre la main dans le sac en plein jour. Dans quelques jours, la Cour des comptes publiera son rapport. Je ne sais pas ce qui s\u2019y trouve, mais je peux vous garantir d\u2019une chose si cela ne r\u00e9v\u00e8le pas plus que ce que nous avons d\u00e9j\u00e0 r\u00e9v\u00e9l\u00e9, \u00e7a ne sortira pas moins que cela. <\/p>\n\n\n\n<p>A partir de ce moment, tous ceux qui ont une responsabilit\u00e9 dans cette situation f\u00e2cheuse et ont trahi ce pays devront rendre compte devant vous certainement\u00bb, annonce le Premier ministre devant des d\u00e9put\u00e9s dont l\u2019\u00e9crasante majorit\u00e9 est acquise \u00e0 sa cause et sensible \u00e0 son discours.<\/p>\n\n\n\n<p>\u00abCe pays va changer et il va changer au forceps\u00bbAujourd\u2019hui, le Premier ministre est encore focus sur l\u2019h\u00e9ritage du r\u00e9gime pr\u00e9c\u00e9dent qui aurait pr\u00e9cipit\u00e9 ce pays au bord du chaos. \u00abLe d\u00e9bat s\u2019est pos\u00e9 en termes simples. Avant de pr\u00e9senter notre vision globale, nous avons fait un \u00e9tat des lieux ; chaque fait et chaque chiffre qu\u2019on a annonc\u00e9 est av\u00e9r\u00e9. (Il insiste). Nous avons pr\u00e9sent\u00e9 la situation catastrophique du pays. On nous a vant\u00e9 les m\u00e9rites d\u2019un bilan. Le vrai bilan est l\u00e0. Il n\u2019y a rien de plus facile que de maquiller des chiffres et d\u2019aller emprunter de mani\u00e8re d\u00e9sordonn\u00e9e en calculant tout de suite le prochain mandat et de s\u2019empresser de faire sortir des immeubles pour dire que j\u2019ai un bilan. Des pays ont fait banqueroute comme la Gr\u00e8ce, l\u2019Argentine par ces comportements. Et le S\u00e9n\u00e9gal n\u2019en \u00e9tait pas loin. Dieu aime ce pays. Nous devons aimer ce pays autant ou plus que Dieu Lui-M\u00eame\u00bb, appelle-t-il. Il encha\u00eene : \u00abLes responsables de cette situation sont l\u00e0 dans cette salle. Vous les sentez perdus, nous avons pr\u00e9sent\u00e9 un R\u00e9f\u00e9rentiel, une vision globale. Quand vous n\u2019avez pas grand-chose \u00e0 dire, il faut dire ok. Cela fait partie de la grandeur.\u00bbPour lui, c\u2019est un nouveau chapitre qui s\u2019ouvre dans ce pays apr\u00e8s la victoire de Pastef, qui a pr\u00e9cipit\u00e9 la retraite politique de certaines personnalit\u00e9s historiques du pays. \u00abJe voudrais que certains comprennent qu\u2019une certaine forme de politique est r\u00e9volue dans ce pays. La politique d\u00e9sormais, c\u2019est de parler en connaissance de cause, de parler de ce qu\u2019on connait, de donner des faits et des chiffres pr\u00e9cis. Ici, il y a 5 ans de cela, lors d\u2019une Dpg ou lors du passage du ministre des Finances et des chiffres \u00e0 l\u2019appui, j\u2019avais d\u00e9montr\u00e9 la situation catastrophique dans laquelle on allait plonger dans le pays. L\u2019histoire ne m\u2019a pas donn\u00e9 raison ? C\u2019est pour vous dire que c\u2019est qui s\u2019est pass\u00e9 le 24 mars n\u2019\u00e9tait pas la fin d\u2019une histoire, mais ce n\u2019est que le d\u00e9but. Et tout homme politique qui ne pourra pas suivre ce rythme est vou\u00e9 aux g\u00e9monies et doit mettre un trait sur sa carri\u00e8re politique\u00bb, ajoute le Premier ministre. \u00abCe pays va changer et il va changer au forceps\u00bb, pr\u00e9vient-il.<\/p>\n\n\n\n<p>justin@lequotidien.sn<\/p>\n","protected":false},"excerpt":{"rendered":"<p>Au d\u00e9but de sa Dpg, il avait livr\u00e9 un discours aseptis\u00e9, concentr\u00e9 sur ses orientations et objectifs. Dans les r\u00e9ponses<\/p>\n","protected":false},"author":1,"featured_media":36806,"comment_status":"open","ping_status":"open","sticky":false,"template":"","format":"standard","meta":{"footnotes":""},"categories":[6],"tags":[],"class_list":["post-49491","post","type-post","status-publish","format-standard","has-post-thumbnail","hentry","category-politics"],"_links":{"self":[{"href":"https:\/\/dekkbi.com\/index.php?rest_route=\/wp\/v2\/posts\/49491","targetHints":{"allow":["GET"]}}],"collection":[{"href":"https:\/\/dekkbi.com\/index.php?rest_route=\/wp\/v2\/posts"}],"about":[{"href":"https:\/\/dekkbi.com\/index.php?rest_route=\/wp\/v2\/types\/post"}],"author":[{"embeddable":true,"href":"https:\/\/dekkbi.com\/index.php?rest_route=\/wp\/v2\/users\/1"}],"replies":[{"embeddable":true,"href":"https:\/\/dekkbi.com\/index.php?rest_route=%2Fwp%2Fv2%2Fcomments&post=49491"}],"version-history":[{"count":1,"href":"https:\/\/dekkbi.com\/index.php?rest_route=\/wp\/v2\/posts\/49491\/revisions"}],"predecessor-version":[{"id":49492,"href":"https:\/\/dekkbi.com\/index.php?rest_route=\/wp\/v2\/posts\/49491\/revisions\/49492"}],"wp:featuredmedia":[{"embeddable":true,"href":"https:\/\/dekkbi.com\/index.php?rest_route=\/wp\/v2\/media\/36806"}],"wp:attachment":[{"href":"https:\/\/dekkbi.com\/index.php?rest_route=%2Fwp%2Fv2%2Fmedia&parent=49491"}],"wp:term":[{"taxonomy":"category","embeddable":true,"href":"https:\/\/dekkbi.com\/index.php?rest_route=%2Fwp%2Fv2%2Fcategories&post=49491"},{"taxonomy":"post_tag","embeddable":true,"href":"https:\/\/dekkbi.com\/index.php?rest_route=%2Fwp%2Fv2%2Ftags&post=49491"}],"curies":[{"name":"wp","href":"https:\/\/api.w.org\/{rel}","templated":true}]}}