{"id":4949,"date":"2022-12-20T10:48:10","date_gmt":"2022-12-20T10:48:10","guid":{"rendered":"https:\/\/dekkbi.com\/?p=4949"},"modified":"2022-12-20T10:48:11","modified_gmt":"2022-12-20T10:48:11","slug":"mise-en-oeuvre-de-la-politique-judiciaire-ismaila-madior-fall-liste-les-failles-du-systeme","status":"publish","type":"post","link":"https:\/\/dekkbi.com\/?p=4949","title":{"rendered":"Mise en \u0153uvre de la politique judiciaire : Isma\u00efla Madior Fall liste les failles du syst\u00e8me"},"content":{"rendered":"\n<p><strong>La Conf\u00e9rence annuelle des chefs de Parquet s\u2019est tenue hier, lundi 19 d\u00e9cembre 2022. Venu pr\u00e9sider l\u2019ouverture des \u00e9changes, le Garde des Sceaux, ministre de la Justice, Isma\u00efla Madior Fall, a list\u00e9 les probl\u00e8mes qui gangr\u00e8nent la mise en \u0153uvre de la politique judiciaire.<\/strong><\/p>\n\n\n\n<p>Le Garde des Sceaux, ministre de la Justice, Isma\u00efla Madior Fall, a rencontr\u00e9 hier, lundi 19 d\u00e9cembre 2022, les Procureurs g\u00e9n\u00e9raux et Procureurs de la R\u00e9publique des Tribunaux du pays. L\u2019objet de la rencontre est la Conf\u00e9rence annuelle des chefs de Parquet. Elle a permis de faire le point de la situation de la mise en \u0153uvre de la politique judiciaire.<\/p>\n\n\n\n<p>Isma\u00efla Madior Fall dit, ainsi, que\u00a0<em>\u00abla probl\u00e9matique du surpeuplement carc\u00e9ral, corollaire des longues d\u00e9tentions et du recours fr\u00e9quent aux mandats de d\u00e9p\u00f4t, demeure toujours pr\u00e9occupante\u00bb.\u00a0<\/em>Pis, ajoute-t-il,\u00a0<em>\u00ables dossiers en attente de r\u00e8glement d\u00e9finitif, souvent pour un temps assez long, les lenteurs dans le traitement et la transmission des dossiers frapp\u00e9s d\u2019appel et l\u2019usage timide des modes d\u2019am\u00e9nagement de peines, compromettent \u00e9galement l\u2019importance des performances r\u00e9alis\u00e9es\u00bb<\/em>.<\/p>\n\n\n\n<p>Le Garde des Sceaux trouve aussi que\u00a0<em>\u00abla lutte contre le terrorisme, le blanchiment de capitaux, la cybercriminalit\u00e9, le trafic de migrants et la traite des personnes, pour ne citer que ces formes de criminalit\u00e9, a toujours \u00e9t\u00e9 inscrite au rang de priorit\u00e9\u00a0; mais les r\u00e9sultats restent mitig\u00e9s\u00bb<\/em>.<\/p>\n\n\n\n<p>Parlant toujours des probl\u00e8mes rencontr\u00e9es dans l\u2019application de la politique judiciaire, Isma\u00efla Madior Fall note que\u00a0<em>\u00ables enqu\u00eates de patrimoine et les mesures conservatoires sont rarement appliqu\u00e9es. Et, l\u2019utilisation des m\u00e9canismes de coop\u00e9ration p\u00e9nale internationale, essentielles pour les cas pr\u00e9sentant des \u00e9l\u00e9ments d\u2019extran\u00e9it\u00e9, est quasi-inexistante\u00bb<\/em>.<\/p>\n\n\n\n<p>La justice souffre \u00e9galement du probl\u00e8me de disponibilit\u00e9 de donn\u00e9es.&nbsp;<em>\u00abLa disponibilit\u00e9 des statistiques, indispensables \u00e0 l\u2019analyse et \u00e0 l\u2019\u00e9laboration de toute politique, y compris p\u00e9nale, fait souvent d\u00e9faut. Les r\u00e9formes en cours, pour la num\u00e9risation du casier judiciaire, devraient \u00e0 terme pallier les difficult\u00e9s li\u00e9es \u00e0 la collecte manuelle de ces statistiques. Mais des actions urgentes sont n\u00e9cessaires pour mieux asseoir notre place de leader sur la sc\u00e8ne internationale, notamment dans le domaine judiciaire\u00bb,&nbsp;<\/em>a constat\u00e9 Isma\u00efla Madior Fall.<\/p>\n\n\n\n<p>A signaler que le th\u00e8me de la rencontre est&nbsp;:&nbsp;<em>\u00abCirculaire de la politique p\u00e9nale g\u00e9n\u00e9rale&nbsp;: bilan et perspective\u00bb.<\/em>&nbsp; A en croire le Garde des Sceaux,&nbsp;<em>\u00abcette politique p\u00e9nale a constitu\u00e9, pendant les trois derni\u00e8res ann\u00e9es, le tableau de bord dans la mise en \u0153uvre et la conduite des attributions des parquetiers. Elle a servi \u00e9galement d\u2019outil de gestion orient\u00e9 vers des r\u00e9sultats concrets, afin de mesurer notre performance et par le contr\u00f4le de l\u2019exercice de l\u2019action publique\u00bb.<\/em><\/p>\n\n\n\n<p><strong>Fatou NDIAYE<\/strong><\/p>\n\n\n\n<p>SOURCE SUDONLINE<\/p>\n","protected":false},"excerpt":{"rendered":"<p>La Conf\u00e9rence annuelle des chefs de Parquet s\u2019est tenue hier, lundi 19 d\u00e9cembre 2022. Venu pr\u00e9sider l\u2019ouverture des \u00e9changes, le<\/p>\n","protected":false},"author":1,"featured_media":4950,"comment_status":"open","ping_status":"open","sticky":false,"template":"","format":"standard","meta":{"footnotes":""},"categories":[6],"tags":[],"class_list":["post-4949","post","type-post","status-publish","format-standard","has-post-thumbnail","hentry","category-politics"],"_links":{"self":[{"href":"https:\/\/dekkbi.com\/index.php?rest_route=\/wp\/v2\/posts\/4949","targetHints":{"allow":["GET"]}}],"collection":[{"href":"https:\/\/dekkbi.com\/index.php?rest_route=\/wp\/v2\/posts"}],"about":[{"href":"https:\/\/dekkbi.com\/index.php?rest_route=\/wp\/v2\/types\/post"}],"author":[{"embeddable":true,"href":"https:\/\/dekkbi.com\/index.php?rest_route=\/wp\/v2\/users\/1"}],"replies":[{"embeddable":true,"href":"https:\/\/dekkbi.com\/index.php?rest_route=%2Fwp%2Fv2%2Fcomments&post=4949"}],"version-history":[{"count":1,"href":"https:\/\/dekkbi.com\/index.php?rest_route=\/wp\/v2\/posts\/4949\/revisions"}],"predecessor-version":[{"id":4951,"href":"https:\/\/dekkbi.com\/index.php?rest_route=\/wp\/v2\/posts\/4949\/revisions\/4951"}],"wp:featuredmedia":[{"embeddable":true,"href":"https:\/\/dekkbi.com\/index.php?rest_route=\/wp\/v2\/media\/4950"}],"wp:attachment":[{"href":"https:\/\/dekkbi.com\/index.php?rest_route=%2Fwp%2Fv2%2Fmedia&parent=4949"}],"wp:term":[{"taxonomy":"category","embeddable":true,"href":"https:\/\/dekkbi.com\/index.php?rest_route=%2Fwp%2Fv2%2Fcategories&post=4949"},{"taxonomy":"post_tag","embeddable":true,"href":"https:\/\/dekkbi.com\/index.php?rest_route=%2Fwp%2Fv2%2Ftags&post=4949"}],"curies":[{"name":"wp","href":"https:\/\/api.w.org\/{rel}","templated":true}]}}