{"id":49455,"date":"2024-12-27T12:54:43","date_gmt":"2024-12-27T12:54:43","guid":{"rendered":"https:\/\/dekkbi.com\/?p=49455"},"modified":"2024-12-27T12:54:43","modified_gmt":"2024-12-27T12:54:43","slug":"rdc-autrefois-adversaires-joseph-kabila-et-moise-katumbi-se-rencontrent-et-critiquent-felix-tshisekedi","status":"publish","type":"post","link":"https:\/\/dekkbi.com\/?p=49455","title":{"rendered":"RDC: autrefois adversaires, Joseph Kabila et Mo\u00efse Katumbi se rencontrent et critiquent F\u00e9lix Tshisekedi"},"content":{"rendered":"\n<p>L\u2019ancien pr\u00e9sident Joseph Kabila et Mo\u00efse Katumbi, ancien gouverneur de province et pr\u00e9sident du parti politique Ensemble pour la R\u00e9publique, se sont rencontr\u00e9s \u00e0 Addis-Abeba, en \u00c9thiopie, peu avant No\u00ebl, selon les informations fournies par leurs \u00e9quipes respectives. Plus de deux ans apr\u00e8s leur derni\u00e8re rencontre \u00e0 Lubumbashi, les deux hommes, autrefois adversaires, critiquent d&rsquo;une m\u00eame voix la pr\u00e9sidence de F\u00e9lix Tshisekedi, qu&rsquo;ils qualifient \u00ab&nbsp;<em>la dictature<\/em>&nbsp;\u00bb.<\/p>\n\n\n\n<p><em>Avec notre correspondant \u00e0 Kinshasa<\/em>,\u00a0<strong>Patient Ligodi<\/strong> &#8211; SOURCE RFI<\/p>\n\n\n\n<p>Jadis adversaires politiques farouches, les deux hommes se rapprochent de plus en plus dans leur opposition au pr\u00e9sident F\u00e9lix Tshisekedi. Ils ont m\u00eame publi\u00e9 jeudi 26 d\u00e9cembre un communiqu\u00e9 conjoint pour afficher leur entente et leurs objectifs communs. La derni\u00e8re fois que Joseph Kabila et Mo\u00efse Katumbi avaient \u00e9t\u00e9 vus ensemble en public remontait \u00e0 mai 2022, lors du Forum sur la\u00a0<strong>r\u00e9conciliation des leaders katangais, tenue \u00e0 Lubumbashi<\/strong>. Ce forum avait marqu\u00e9 un moment cl\u00e9 dans leurs relations, avec une poign\u00e9e de main symbolique.\u00a0<\/p>\n\n\n\n<p>La rencontre a \u00e9t\u00e9 discr\u00e8te. Joseph Kabila et\u00a0<strong>Mo\u00efse Katumbi<\/strong>\u00a0se sont retrouv\u00e9s, seuls, pour un t\u00eate-\u00e0-t\u00eate \u00e0 huis clos.\u00a0Olivier Kamitatu, directeur de cabinet de Katumbi, le confirme. \u00ab\u00a0<em>Pas d\u2019autres leaders autour de la table. Les deux hommes ont \u00e9chang\u00e9 et se sont entendus. C\u2019\u00e9tait une volont\u00e9 commune.<\/em>\u00a0\u00bb\u00a0Un proche de l\u2019ancien pr\u00e9sident ajoute qu&rsquo;ils \u00ab\u00a0<em>ont discut\u00e9 en toute sinc\u00e9rit\u00e9. Cette r\u00e9union \u00e9tait devenue incontournable.\u00a0<\/em>\u00bb<\/p>\n\n\n\n<h2 class=\"wp-block-heading\">Union dans l&rsquo;opposition \u00e0 F\u00e9lix Tshisekedi&nbsp;?<\/h2>\n\n\n\n<p>Les deux hommes, anciens alli\u00e9s puis adversaires politiques, ne s&rsquo;\u00e9taient pas rencontr\u00e9s depuis deux ans. Ils op\u00e8rent un rapprochement et marquent leur opposition au r\u00e9gime de\u00a0<strong>F\u00e9lix Tshisekedi<\/strong>.<\/p>\n\n\n\n<p>Dans un communiqu\u00e9 commun, ils d\u00e9noncent la d\u00e9t\u00e9rioration de la RDC. Et condamnent fermement \u00ab&nbsp;<em>la pr\u00e9sence de forces arm\u00e9es ill\u00e9gales, y compris des mercenaires et&nbsp;<\/em>[des]<em>&nbsp;troupes \u00e9trang\u00e8res&nbsp;<\/em>\u00bb. En parall\u00e8le, ils r\u00e9it\u00e8rent leur opposition absolue \u00e0 toute r\u00e9forme constitutionnelle dans un tel contexte.<\/p>\n\n\n\n<p><strong>Joseph Kabila<\/strong>\u00a0et Mo\u00efse Katumbi sont tous les deux accus\u00e9s par Kinshasa de collusion avec le Rwanda. Des all\u00e9gations que ne mentionne pas le communiqu\u00e9 final de la rencontre.<\/p>\n\n\n\n<p>Les deux opposants lancent un appel \u00e0 toutes les forces politiques et sociales \u00e0 \u00ab&nbsp;<em>unir leurs efforts contre la dictature&nbsp;<\/em>\u00bb. \u00ab<em>&nbsp;Ils vont se revoir pour \u00e9tablir des actions concr\u00e8tes. Cette fois, place \u00e0 l\u2019action&nbsp;<\/em>\u00bb, promet Olivier Kamitatu.<\/p>\n","protected":false},"excerpt":{"rendered":"<p>L\u2019ancien pr\u00e9sident Joseph Kabila et Mo\u00efse Katumbi, ancien gouverneur de province et pr\u00e9sident du parti politique Ensemble pour la R\u00e9publique,<\/p>\n","protected":false},"author":1,"featured_media":49456,"comment_status":"open","ping_status":"open","sticky":false,"template":"","format":"standard","meta":{"footnotes":""},"categories":[51],"tags":[],"class_list":["post-49455","post","type-post","status-publish","format-standard","has-post-thumbnail","hentry","category-general"],"_links":{"self":[{"href":"https:\/\/dekkbi.com\/index.php?rest_route=\/wp\/v2\/posts\/49455","targetHints":{"allow":["GET"]}}],"collection":[{"href":"https:\/\/dekkbi.com\/index.php?rest_route=\/wp\/v2\/posts"}],"about":[{"href":"https:\/\/dekkbi.com\/index.php?rest_route=\/wp\/v2\/types\/post"}],"author":[{"embeddable":true,"href":"https:\/\/dekkbi.com\/index.php?rest_route=\/wp\/v2\/users\/1"}],"replies":[{"embeddable":true,"href":"https:\/\/dekkbi.com\/index.php?rest_route=%2Fwp%2Fv2%2Fcomments&post=49455"}],"version-history":[{"count":1,"href":"https:\/\/dekkbi.com\/index.php?rest_route=\/wp\/v2\/posts\/49455\/revisions"}],"predecessor-version":[{"id":49457,"href":"https:\/\/dekkbi.com\/index.php?rest_route=\/wp\/v2\/posts\/49455\/revisions\/49457"}],"wp:featuredmedia":[{"embeddable":true,"href":"https:\/\/dekkbi.com\/index.php?rest_route=\/wp\/v2\/media\/49456"}],"wp:attachment":[{"href":"https:\/\/dekkbi.com\/index.php?rest_route=%2Fwp%2Fv2%2Fmedia&parent=49455"}],"wp:term":[{"taxonomy":"category","embeddable":true,"href":"https:\/\/dekkbi.com\/index.php?rest_route=%2Fwp%2Fv2%2Fcategories&post=49455"},{"taxonomy":"post_tag","embeddable":true,"href":"https:\/\/dekkbi.com\/index.php?rest_route=%2Fwp%2Fv2%2Ftags&post=49455"}],"curies":[{"name":"wp","href":"https:\/\/api.w.org\/{rel}","templated":true}]}}