{"id":49453,"date":"2024-12-27T12:47:52","date_gmt":"2024-12-27T12:47:52","guid":{"rendered":"https:\/\/dekkbi.com\/?p=49453"},"modified":"2024-12-27T12:47:52","modified_gmt":"2024-12-27T12:47:52","slug":"coree-du-sud-les-deputes-votent-la-destitution-du-president-par-interim-deux-semaines-apres-celle-de-son-predecesseur","status":"publish","type":"post","link":"https:\/\/dekkbi.com\/?p=49453","title":{"rendered":"Cor\u00e9e du Sud: les d\u00e9put\u00e9s votent la destitution du pr\u00e9sident par int\u00e9rim deux semaines apr\u00e8s celle de son pr\u00e9d\u00e9cesseur"},"content":{"rendered":"\n<p>Les d\u00e9put\u00e9s sud-cor\u00e9ens ont vot\u00e9 vendredi 27 d\u00e9cembre la destitution du pr\u00e9sident par int\u00e9rim Han Duck-soo, l&rsquo;accusant d&rsquo;avoir \u00ab&nbsp;<em>activement particip\u00e9 \u00e0 l&rsquo;insurrection<\/em>&nbsp;\u00bb apr\u00e8s la tentative avort\u00e9e de son pr\u00e9d\u00e9cesseur Yoon Suk-yeol d&rsquo;instaurer la loi martiale le 3 d\u00e9cembre dernier. Sa destitution intervient deux semaines apr\u00e8s celle du chef de l&rsquo;\u00c9tat, qui doit encore \u00eatre confirm\u00e9e ou infirm\u00e9e par la Cour constitutionnelle.<\/p>\n\n\n\n<p>Par : RFI<\/p>\n\n\n\n<p>C\u2019est une situation in\u00e9dite en\u00a0<strong>Cor\u00e9e du Sud\u00a0<\/strong>: un pr\u00e9sident et son Premier ministre, qui assurait l\u2019int\u00e9rim, sont destitu\u00e9s successivement par les d\u00e9put\u00e9s. La destitution de\u00a0<strong>Han Duck-soo<\/strong>\u00a0a \u00e9t\u00e9 vot\u00e9e par 192 voix, avec une participation totale. \u00ab\u00a0<em>Sur le 192 d\u00e9put\u00e9s qui ont vot\u00e9, 192 ont vot\u00e9 pour la destitution<\/em>\u00a0\u00bb a d\u00e9clar\u00e9 le pr\u00e9sident de l&rsquo;Assembl\u00e9e Nationale Woo Won-shik.<\/p>\n\n\n\n<p>Malgr\u00e9 l\u2019ampleur de l\u2019\u00e9v\u00e9nement, l\u2019atmosph\u00e8re reste \u00e9trangement calme devant l\u2019Assembl\u00e9e nationale. Un rassemblement est toutefois pr\u00e9vu dans les prochaines heures devant la Cour constitutionnelle, situ\u00e9e de l\u2019autre c\u00f4t\u00e9 du fleuve qui traverse la capitale. &nbsp;<\/p>\n\n\n\n<h2 class=\"wp-block-heading\">Un vote sous tension &nbsp;<\/h2>\n\n\n\n<p>Le vote a eu lieu dans une ambiance plus que tendue, rapporte notre correspondante \u00e0 S\u00e9oul,&nbsp;<strong>Camille Ruiz<\/strong>. Le Parti du Pouvoir du Peuple (PPP), formation conservatrice au pouvoir, avait tent\u00e9 d\u2019imposer un quorum de 200 voix pour la destitution, comme c\u2019est le cas pour un pr\u00e9sident. La double fonction de Han Duck-soo, \u00e0 la fois Premier ministre et pr\u00e9sident par int\u00e9rim, a en effet soulev\u00e9 de nombreuses questions juridiques.<\/p>\n\n\n\n<p>L\u2019origine de la motion de destitution repose sur son refus de nommer rapidement trois juges \u00e0 la Cour constitutionnelle. Bien que cette proc\u00e9dure soit une formalit\u00e9 pour un pr\u00e9sident, le Parti du Pouvoir du Peuple a contest\u00e9 la l\u00e9gitimit\u00e9 de Han Duck Soo sur cette question, arguant que le pr\u00e9sident\u00a0<strong>Yoon Suk Yeol<\/strong>\u00a0\u00e9tant suspendu, il n\u2019aurait pas l\u2019autorit\u00e9 pour effectuer cette nomination. Cependant, la Cour constitutionnelle et la Cour supr\u00eame ont valid\u00e9 le pouvoir de Han Duck Soo pour proc\u00e9der \u00e0 ces nominations. Malgr\u00e9 cela, l\u2019opposition a estim\u00e9 qu\u2019il ne fallait plus attendre et a continu\u00e9 \u00e0 pousser pour la destitution.<\/p>\n\n\n\n<p>Face \u00e0 cette situation, le porte-parole de l\u2019Assembl\u00e9e nationale a tranch\u00e9 : une majorit\u00e9 simple \u2013 c\u2019est-\u00e0-dire la moiti\u00e9 des voix plus une \u2013 suffisait pour destituer un Premier ministre. Cette d\u00e9cision a d\u00e9clench\u00e9 une vive protestation des d\u00e9put\u00e9s conservateurs, qui se sont rassembl\u00e9s autour de Han Duck-soo et ont boycott\u00e9 le vote, exprimant bruyamment leur m\u00e9contentement.<\/p>\n\n\n\n<h2 class=\"wp-block-heading\">La Cour constitutionnelle, ultime d\u00e9cisionnaire<\/h2>\n\n\n\n<p>La destitution devra maintenant \u00eatre valid\u00e9e par la Cour constitutionnelle, seule institution habilit\u00e9e \u00e0 rendre une d\u00e9cision d\u00e9finitive. Pour l\u2019instant, c\u2019est le vice-Premier ministre et ministre des Finances, Choi Sang-mok, qui assume la gestion des affaires courantes.<\/p>\n\n\n\n<p>Destituer un homme \u00e0 la fois pr\u00e9sident par int\u00e9rim et Premier ministre n\u2019est pas une t\u00e2che facile. Selon la Constitution, la majorit\u00e9 simple (la moiti\u00e9 des voix plus une) suffit au Parlement pour destituer un Premier ministre. Pour un pr\u00e9sident, en revanche, 200 voix au moins sont n\u00e9cessaires. Mais dans le cas de Han Duck Soo, qui occupe ces deux r\u00f4les, les partis se d\u00e9chirent sur la m\u00e9thode \u00e0 adopter. Le Parti d\u00e9mocrate, principal parti d\u2019opposition, d\u00e9tient 170 si\u00e8ges sur 300 \u00e0 l\u2019Assembl\u00e9e nationale, ce qui lui permet th\u00e9oriquement de proc\u00e9der seul \u00e0 la destitution du Premier ministre.<\/p>\n\n\n\n<p><\/p>\n","protected":false},"excerpt":{"rendered":"<p>Les d\u00e9put\u00e9s sud-cor\u00e9ens ont vot\u00e9 vendredi 27 d\u00e9cembre la destitution du pr\u00e9sident par int\u00e9rim Han Duck-soo, l&rsquo;accusant d&rsquo;avoir \u00ab&nbsp;activement particip\u00e9<\/p>\n","protected":false},"author":1,"featured_media":32051,"comment_status":"open","ping_status":"open","sticky":false,"template":"","format":"standard","meta":{"footnotes":""},"categories":[51],"tags":[],"class_list":["post-49453","post","type-post","status-publish","format-standard","has-post-thumbnail","hentry","category-general"],"_links":{"self":[{"href":"https:\/\/dekkbi.com\/index.php?rest_route=\/wp\/v2\/posts\/49453","targetHints":{"allow":["GET"]}}],"collection":[{"href":"https:\/\/dekkbi.com\/index.php?rest_route=\/wp\/v2\/posts"}],"about":[{"href":"https:\/\/dekkbi.com\/index.php?rest_route=\/wp\/v2\/types\/post"}],"author":[{"embeddable":true,"href":"https:\/\/dekkbi.com\/index.php?rest_route=\/wp\/v2\/users\/1"}],"replies":[{"embeddable":true,"href":"https:\/\/dekkbi.com\/index.php?rest_route=%2Fwp%2Fv2%2Fcomments&post=49453"}],"version-history":[{"count":1,"href":"https:\/\/dekkbi.com\/index.php?rest_route=\/wp\/v2\/posts\/49453\/revisions"}],"predecessor-version":[{"id":49454,"href":"https:\/\/dekkbi.com\/index.php?rest_route=\/wp\/v2\/posts\/49453\/revisions\/49454"}],"wp:featuredmedia":[{"embeddable":true,"href":"https:\/\/dekkbi.com\/index.php?rest_route=\/wp\/v2\/media\/32051"}],"wp:attachment":[{"href":"https:\/\/dekkbi.com\/index.php?rest_route=%2Fwp%2Fv2%2Fmedia&parent=49453"}],"wp:term":[{"taxonomy":"category","embeddable":true,"href":"https:\/\/dekkbi.com\/index.php?rest_route=%2Fwp%2Fv2%2Fcategories&post=49453"},{"taxonomy":"post_tag","embeddable":true,"href":"https:\/\/dekkbi.com\/index.php?rest_route=%2Fwp%2Fv2%2Ftags&post=49453"}],"curies":[{"name":"wp","href":"https:\/\/api.w.org\/{rel}","templated":true}]}}