{"id":49431,"date":"2024-12-27T12:17:53","date_gmt":"2024-12-27T12:17:53","guid":{"rendered":"https:\/\/dekkbi.com\/?p=49431"},"modified":"2024-12-27T12:17:54","modified_gmt":"2024-12-27T12:17:54","slug":"crise-au-sein-de-la-fgts-b-la-vive-reaction-de-mballo-dia-thiam-apres-lannonce-de-son-eviction","status":"publish","type":"post","link":"https:\/\/dekkbi.com\/?p=49431","title":{"rendered":"Crise au sein de la FGTS\/B : La vive r\u00e9action de Mballo Dia Thiam, apr\u00e8s l\u2019annonce de son \u00e9viction"},"content":{"rendered":"\n<h3 class=\"wp-block-heading\">La crise interne qui secoue la F\u00e9d\u00e9ration G\u00e9n\u00e9rale des Travailleurs du S\u00e9n\u00e9gal (FGTS\/B), a connu un nouveau rebondissement, avec la r\u00e9action virulente de Mballo Dia Thiam, Secr\u00e9taire g\u00e9n\u00e9ral de la centrale syndicale. Ce dernier a r\u00e9pliqu\u00e9 \u00e0 l\u2019annonce faite par Moussa Sissokho Gu\u00e8ye, qui pr\u00e9tend \u00eatre le v\u00e9ritable dirigeant de la FGTS\/B et affirme que Mballo Dia Thiam a \u00e9t\u00e9 exclu lors d\u2019un congr\u00e8s extraordinaire tenu en mars 2024.<\/h3>\n\n\n\n<p>Dans une correspondance dat\u00e9e du 26 d\u00e9cembre 2024, Mballo Dia Thiam qualifie les affirmations de Moussa Sissokho Gu\u00e8ye, de \u00ab&nbsp;<em>ramassis d\u2019inepties truff\u00e9 de contre-v\u00e9rit\u00e9s<\/em>&nbsp;\u00bb. \u00ab&nbsp;<em>Ce n\u2019est pas en se cachant derri\u00e8re son petit doigt, qu\u2019on peut changer la nature des choses ni le cours de l\u2019histoire&nbsp;<\/em>\u00bb, a-t-il lanc\u00e9. Il accuse son opposant, de d\u00e9nigrer les autorit\u00e9s et de manipuler les faits pour servir ses propres int\u00e9r\u00eats.<\/p>\n\n\n\n<p><strong>Un contexte de tensions exacerb\u00e9es<\/strong><\/p>\n\n\n\n<p>La lettre qui a mis le feu aux poudres, \u00e9mane du ministre de la Sant\u00e9 et, est dat\u00e9e du 23 d\u00e9cembre 2024. Elle reconna\u00eet Mballo Dia Thiam comme le Secr\u00e9taire g\u00e9n\u00e9ral du Sutsas, tout en laissant planer une ambigu\u00eft\u00e9 sur son statut \u00e0 la FGTS\/B. Pour Moussa Sissokho Gu\u00e8ye, cela constitue une erreur, car, selon lui, Mballo Dia Thiam a \u00e9t\u00e9 \u00e9vinc\u00e9 lors d\u2019un congr\u00e8s extraordinaire organis\u00e9 le 9 mars 2024 \u00e0 Dakar, en pr\u00e9sence d\u2019un huissier de justice.<\/p>\n\n\n\n<p>De son c\u00f4t\u00e9, Mballo Dia Thiam conteste la l\u00e9gitimit\u00e9 de cette assembl\u00e9e, qu\u2019il qualifie de mascarade. Il rappelle que le premier congr\u00e8s ordinaire de la FGTS\/B s\u2019est tenu le 20 avril 2024, \u00e0 Rufisque, en pr\u00e9sence des d\u00e9l\u00e9gu\u00e9s et des autorit\u00e9s et que son \u00e9lection \u00e0 la t\u00eate de la centrale a \u00e9t\u00e9 valid\u00e9e par acclamation.<\/p>\n\n\n\n<p><strong>Des accusations crois\u00e9es sur la gestion de la centrale<\/strong><\/p>\n\n\n\n<p>Mballo Dia Thiam d\u00e9nonce la mauvaise foi de Moussa Sissokho Gu\u00e8ye, notamment sur la question des fonds de la centrale et du si\u00e8ge. Selon lui, le si\u00e8ge revendiqu\u00e9 par son opposant, appartient en r\u00e9alit\u00e9 au Syndicat Unique des D\u00e9bardeurs et Transitaires du M\u00e9nager (SUDTM) et non \u00e0 la FGTS\/B. Sur les finances, il affirme que Moussa Sissokho Gu\u00e8ye devra r\u00e9pondre de l\u2019utilisation des ressources dans les prochains jours.<\/p>\n\n\n\n<p>Concernant la l\u00e9gitimit\u00e9 syndicale, Mballo Dia Thiam ajoute que Moussa Sissokho Gu\u00e8ye n\u2019est m\u00eame pas membre du bureau de la FGTS\/B ni du SUDTM, qu\u2019il pr\u00e9tend repr\u00e9senter. \u00ab&nbsp;<em>De quelle l\u00e9gitimit\u00e9 peut-il se pr\u00e9valoir ?<\/em>&nbsp;\u00bb, s\u2019interroge-t-il. Il accuse \u00e9galement ce dernier d\u2019avoir torpill\u00e9 la campagne \u00e9lectorale de la FGTS\/B, en collaborant avec leurs adversaires.<\/p>\n\n\n\n<p><strong>Appel aux autorit\u00e9s<\/strong><\/p>\n\n\n\n<p>Face \u00e0 cette situation qu\u2019il juge intenable, Mballo Dia Thiam appelle les autorit\u00e9s \u00e0 intervenir pour mettre fin \u00e0 ce qu\u2019il d\u00e9crit comme une tentative de semer la confusion et de saboter le travail de la FGTS\/B. \u00ab<em>&nbsp;Il est grand temps pour les autorit\u00e9s de mettre fin \u00e0 cette mascarade et de nous permettre de nous consacrer \u00e0 notre mission : mettre le travailleur au centre de nos pr\u00e9occupations pour un S\u00e9n\u00e9gal encore plus rayonnant et souverain<\/em>&nbsp;\u00bb, a-t-il conclu.<\/p>\n\n\n\n<p>La crise au sein de la FGTS\/B risque de se prolonger, les deux camps semblant d\u00e9termin\u00e9s \u00e0 camper sur leurs positions. L\u2019issue pourrait d\u00e9pendre d\u2019une intervention des autorit\u00e9s ou d\u2019une d\u00e9cision judiciaire.<br><\/p>\n","protected":false},"excerpt":{"rendered":"<p>La crise interne qui secoue la F\u00e9d\u00e9ration G\u00e9n\u00e9rale des Travailleurs du S\u00e9n\u00e9gal (FGTS\/B), a connu un nouveau rebondissement, avec la<\/p>\n","protected":false},"author":1,"featured_media":49432,"comment_status":"open","ping_status":"open","sticky":false,"template":"","format":"standard","meta":{"footnotes":""},"categories":[26],"tags":[],"class_list":["post-49431","post","type-post","status-publish","format-standard","has-post-thumbnail","hentry","category-fait-divers"],"_links":{"self":[{"href":"https:\/\/dekkbi.com\/index.php?rest_route=\/wp\/v2\/posts\/49431","targetHints":{"allow":["GET"]}}],"collection":[{"href":"https:\/\/dekkbi.com\/index.php?rest_route=\/wp\/v2\/posts"}],"about":[{"href":"https:\/\/dekkbi.com\/index.php?rest_route=\/wp\/v2\/types\/post"}],"author":[{"embeddable":true,"href":"https:\/\/dekkbi.com\/index.php?rest_route=\/wp\/v2\/users\/1"}],"replies":[{"embeddable":true,"href":"https:\/\/dekkbi.com\/index.php?rest_route=%2Fwp%2Fv2%2Fcomments&post=49431"}],"version-history":[{"count":1,"href":"https:\/\/dekkbi.com\/index.php?rest_route=\/wp\/v2\/posts\/49431\/revisions"}],"predecessor-version":[{"id":49433,"href":"https:\/\/dekkbi.com\/index.php?rest_route=\/wp\/v2\/posts\/49431\/revisions\/49433"}],"wp:featuredmedia":[{"embeddable":true,"href":"https:\/\/dekkbi.com\/index.php?rest_route=\/wp\/v2\/media\/49432"}],"wp:attachment":[{"href":"https:\/\/dekkbi.com\/index.php?rest_route=%2Fwp%2Fv2%2Fmedia&parent=49431"}],"wp:term":[{"taxonomy":"category","embeddable":true,"href":"https:\/\/dekkbi.com\/index.php?rest_route=%2Fwp%2Fv2%2Fcategories&post=49431"},{"taxonomy":"post_tag","embeddable":true,"href":"https:\/\/dekkbi.com\/index.php?rest_route=%2Fwp%2Fv2%2Ftags&post=49431"}],"curies":[{"name":"wp","href":"https:\/\/api.w.org\/{rel}","templated":true}]}}