{"id":49426,"date":"2024-12-27T11:56:46","date_gmt":"2024-12-27T11:56:46","guid":{"rendered":"https:\/\/dekkbi.com\/?p=49426"},"modified":"2024-12-27T11:56:46","modified_gmt":"2024-12-27T11:56:46","slug":"retour-au-senegal-diarry-sow-revient-sur-les-raisons-de-sa-disparition-volontaire","status":"publish","type":"post","link":"https:\/\/dekkbi.com\/?p=49426","title":{"rendered":"Retour au S\u00e9n\u00e9gal: Diarry Sow revient sur les raisons de sa disparition volontaire"},"content":{"rendered":"\n<p>Diarry Sow, \u00e9lue deux fois \u00ab meilleure \u00e9l\u00e8ve du S\u00e9n\u00e9gal \u00bb en 2018 et 2019, est revenue sur sa disparition volontaire en 2021, alors qu\u2019elle \u00e9tait inscrite en classes pr\u00e9paratoires aux grandes \u00e9coles en France, \u00e9voquant le racisme, la solitude, le manque d\u2019accompagnement et de pr\u00e9paration \u00e0 sa nouvelle vie.<\/p>\n\n\n\n<p>\u00ab&nbsp;<em>Il y a eu une p\u00e9riode assez compliqu\u00e9e pour moi. Un moment o\u00f9 j\u2019\u00e9tais trop dans l\u2019interrogation, parce que, parfois, on nous jette un peu dans une soci\u00e9t\u00e9 qui n\u2019est pas la n\u00f4tre, sans accompagnement, \u00e0 laquelle on n\u2019est pas pr\u00e9par\u00e9s&nbsp;<\/em>\u00bb, a-t-elle racont\u00e9 dans un entretien avec des journalistes, relate l&rsquo;APS.<\/p>\n\n\n\n<p>S\u00e9journant actuellement \u00e0 Wendou Boss\u00e9ab\u00e9, dans la r\u00e9gion de Matam (nord), Diarry Sow a expliqu\u00e9 qu\u2019en quittant le S\u00e9n\u00e9gal pour poursuivre ses \u00e9tudes en France, elle n\u2019avait pas b\u00e9n\u00e9fici\u00e9 d\u2019une bonne pr\u00e9paration, qui \u00ab&nbsp;<em>devait \u00eatre mentale et psychologique&nbsp;<\/em>\u00bb.<\/p>\n\n\n\n<p>En arrivant en France, \u00ab&nbsp;<em>un pays diff\u00e9rent<\/em>&nbsp;\u00bb pour y continuer ses \u00e9tudes, elle dit s\u2019\u00eatre rendue compte d\u2019un \u00ab&nbsp;<em>d\u00e9calage culturel<\/em>&nbsp;\u00bb avec le S\u00e9n\u00e9gal, sans compter que \u00ab&nbsp;<em>financi\u00e8rement, les choses ont commenc\u00e9 \u00e0 se compliquer<\/em>&nbsp;\u00bb.<\/p>\n\n\n\n<p>\u00ab&nbsp;<em>Il y a eu aussi des probl\u00e8mes de racisme qui font que, m\u00eame si tu r\u00e9ussis, on ne te prend pas au s\u00e9rieux&nbsp;<\/em>\u00bb, a expliqu\u00e9 l\u2019ancienne pensionnaire du lyc\u00e9e d\u2019excellence scientifique de Diourbel, entre 2016 et 2019, ajoutant que cette situation \u00e9tait \u00e0 l\u2019origine d\u2019un \u00ab choc \u00bb, qui l\u2019a pouss\u00e9e \u00e0 se recentrer sur elle-m\u00eame.<\/p>\n\n\n\n<p>Selon la m\u00eame source, elle a aussi invoqu\u00e9 la duret\u00e9 et la chert\u00e9 de la vie, qui lui ont fait prendre \u00ab&nbsp;<em>une pause<\/em>&nbsp;\u00bb, pour r\u00e9fl\u00e9chir sur son avenir et ses projets.<\/p>\n\n\n\n<p>Diarry Sow dit avoir depuis repris le cours normal de sa vie, en poursuivant ses \u00e9tudes d\u2019ing\u00e9nierie \u00e0 l\u2019Ecole centrale de Paris, o\u00f9 elle ambitionne de sortir avec un dipl\u00f4me en Data Scientist et en Intelligence artificielle.<\/p>\n\n\n\n<p>Elle affirme que sa vie a chang\u00e9, gr\u00e2ce \u00e0 l\u2019homme d\u2019affaires s\u00e9n\u00e9galais Harouna Dia, sur qui elle ambitionne de consacrer un livre, pour que les S\u00e9n\u00e9galais le connaissent davantage.<\/p>\n\n\n\n<p>\u00ab&nbsp;<em>J\u2019ai envie que les gens d\u00e9couvrent le c\u00f4t\u00e9 visionnaire de cet homme. Il y a beaucoup de choses \u00e0 prendre de lui, son parcours, sa g\u00e9n\u00e9rosit\u00e9, sa foi en l\u2019Afrique<\/em>&nbsp;\u00bb, a-t-elle fait savoir.<\/p>\n","protected":false},"excerpt":{"rendered":"<p>Diarry Sow, \u00e9lue deux fois \u00ab meilleure \u00e9l\u00e8ve du S\u00e9n\u00e9gal \u00bb en 2018 et 2019, est revenue sur sa disparition<\/p>\n","protected":false},"author":1,"featured_media":49427,"comment_status":"open","ping_status":"open","sticky":false,"template":"","format":"standard","meta":{"footnotes":""},"categories":[26],"tags":[],"class_list":["post-49426","post","type-post","status-publish","format-standard","has-post-thumbnail","hentry","category-fait-divers"],"_links":{"self":[{"href":"https:\/\/dekkbi.com\/index.php?rest_route=\/wp\/v2\/posts\/49426","targetHints":{"allow":["GET"]}}],"collection":[{"href":"https:\/\/dekkbi.com\/index.php?rest_route=\/wp\/v2\/posts"}],"about":[{"href":"https:\/\/dekkbi.com\/index.php?rest_route=\/wp\/v2\/types\/post"}],"author":[{"embeddable":true,"href":"https:\/\/dekkbi.com\/index.php?rest_route=\/wp\/v2\/users\/1"}],"replies":[{"embeddable":true,"href":"https:\/\/dekkbi.com\/index.php?rest_route=%2Fwp%2Fv2%2Fcomments&post=49426"}],"version-history":[{"count":1,"href":"https:\/\/dekkbi.com\/index.php?rest_route=\/wp\/v2\/posts\/49426\/revisions"}],"predecessor-version":[{"id":49428,"href":"https:\/\/dekkbi.com\/index.php?rest_route=\/wp\/v2\/posts\/49426\/revisions\/49428"}],"wp:featuredmedia":[{"embeddable":true,"href":"https:\/\/dekkbi.com\/index.php?rest_route=\/wp\/v2\/media\/49427"}],"wp:attachment":[{"href":"https:\/\/dekkbi.com\/index.php?rest_route=%2Fwp%2Fv2%2Fmedia&parent=49426"}],"wp:term":[{"taxonomy":"category","embeddable":true,"href":"https:\/\/dekkbi.com\/index.php?rest_route=%2Fwp%2Fv2%2Fcategories&post=49426"},{"taxonomy":"post_tag","embeddable":true,"href":"https:\/\/dekkbi.com\/index.php?rest_route=%2Fwp%2Fv2%2Ftags&post=49426"}],"curies":[{"name":"wp","href":"https:\/\/api.w.org\/{rel}","templated":true}]}}