{"id":49421,"date":"2024-12-27T11:47:20","date_gmt":"2024-12-27T11:47:20","guid":{"rendered":"https:\/\/dekkbi.com\/?p=49421"},"modified":"2024-12-27T12:38:21","modified_gmt":"2024-12-27T12:38:21","slug":"tirailleurs-traites-le-porte-parole-du-gouvernement-recadre-cheikh-oumar-diagne","status":"publish","type":"post","link":"https:\/\/dekkbi.com\/?p=49421","title":{"rendered":"\u00ab\u00a0Tirailleurs traites\u00a0\u00bb: Le porte-parole du gouvernement recadre Cheikh Oumar Diagne"},"content":{"rendered":"\n<p>iGFM &#8211; (Dakar) Le porte-parole du gouvernement a tenu \u00e0 recadrer Cheikh Oumar Diagne, Directeur des moyens g\u00e9n\u00e9raux de la pr\u00e9sidence de la R\u00e9publique. Moustapha Ndiekk Sarr\u00e9, d\u00e9clare que le collaborateur du chef de l\u2019Etat s\u2019est lourdement tromp\u00e9 en traitant les tirailleurs de \u00ab\u00a0traitres.<\/p>\n\n\n\n<p>\u00abJe consid\u00e8re que monsieur Diagne s\u2019est lourdement tromp\u00e9. Ces tirailleurs ne sauraient \u00eatre consid\u00e9r\u00e9s comme des traitres, parce qu\u2019il faut bien les juger dans le contexte qu\u2019ils vivaient. Parce qu\u2019ils \u00e9taient des fran\u00e7ais comme nous l\u2019\u00e9tions tous en ce moment l\u00e0. Ils sont all\u00e9s d\u00e9fendre le pays auquel ils appartenaient.<\/p>\n\n\n\n<p>Donc je pense qu\u2019il s\u2019est lourdement tromp\u00e9 et cette &nbsp;sortie est tr\u00e8s malheureuse d\u2019autant qu\u2019il &nbsp;y a moins d\u2019un mois le pr\u00e9sident de la R\u00e9publique a organis\u00e9 une &nbsp;grand c\u00e9r\u00e9monie en leur honneur en invitant m\u00eame &nbsp;des chefs d\u2019Etats \u00e9trangers. Je ne vois pas pourquoi il a ram\u00e9 en contre-courant. C\u2019est malheureux \u00e0 mon avis.<\/p>\n\n\n\n<p>\u00abRien n\u2019emp\u00eache le pr\u00e9sident de prendre des mesures. Le pr\u00e9sident est quelqu\u2019un de tr\u00e8s mesur\u00e9, de tr\u00e8s pos\u00e9. Quand il &nbsp;prend une d\u00e9cision, c\u2019est une d\u00e9cision tr\u00e8s r\u00e9fl\u00e9chie. \u00c7a d\u00e9pend de lui. Je ne saurais prendre une d\u00e9cision \u00e0 la place du Pr\u00e9sident de la R\u00e9publique.&nbsp; J\u2019ai donn\u00e9 ma position. Je suis en total d\u00e9phasage avec monsieur Diagne a dit. Je consid\u00e8re que les tirailleurs sont des h\u00e9ros de la nation.\u00bb<\/p>\n\n\n\n<figure class=\"wp-block-embed is-type-rich is-provider-prise-en-charge-des-contenus-embarqu-s wp-block-embed-prise-en-charge-des-contenus-embarqu-s wp-embed-aspect-16-9 wp-has-aspect-ratio\"><div class=\"wp-block-embed__wrapper\">\n<iframe loading=\"lazy\" title=\"&quot;Cheikh Oumar Diagne Ndioumt\u00e9 Bou Rey la def&quot;, Le Porte-parole du Gouvernement crache ses v\u00e9rit\u00e9s !\" width=\"800\" height=\"450\" src=\"https:\/\/www.youtube.com\/embed\/liAOPKwdzNc?feature=oembed\" frameborder=\"0\" allow=\"accelerometer; autoplay; clipboard-write; encrypted-media; gyroscope; picture-in-picture; web-share\" referrerpolicy=\"strict-origin-when-cross-origin\" allowfullscreen><\/iframe>\n<\/div><\/figure>\n\n\n\n<p><\/p>\n","protected":false},"excerpt":{"rendered":"<p>iGFM &#8211; (Dakar) Le porte-parole du gouvernement a tenu \u00e0 recadrer Cheikh Oumar Diagne, Directeur des moyens g\u00e9n\u00e9raux de la<\/p>\n","protected":false},"author":1,"featured_media":49424,"comment_status":"open","ping_status":"open","sticky":false,"template":"","format":"standard","meta":{"footnotes":""},"categories":[21],"tags":[],"class_list":["post-49421","post","type-post","status-publish","format-standard","has-post-thumbnail","hentry","category-societe"],"_links":{"self":[{"href":"https:\/\/dekkbi.com\/index.php?rest_route=\/wp\/v2\/posts\/49421","targetHints":{"allow":["GET"]}}],"collection":[{"href":"https:\/\/dekkbi.com\/index.php?rest_route=\/wp\/v2\/posts"}],"about":[{"href":"https:\/\/dekkbi.com\/index.php?rest_route=\/wp\/v2\/types\/post"}],"author":[{"embeddable":true,"href":"https:\/\/dekkbi.com\/index.php?rest_route=\/wp\/v2\/users\/1"}],"replies":[{"embeddable":true,"href":"https:\/\/dekkbi.com\/index.php?rest_route=%2Fwp%2Fv2%2Fcomments&post=49421"}],"version-history":[{"count":2,"href":"https:\/\/dekkbi.com\/index.php?rest_route=\/wp\/v2\/posts\/49421\/revisions"}],"predecessor-version":[{"id":49448,"href":"https:\/\/dekkbi.com\/index.php?rest_route=\/wp\/v2\/posts\/49421\/revisions\/49448"}],"wp:featuredmedia":[{"embeddable":true,"href":"https:\/\/dekkbi.com\/index.php?rest_route=\/wp\/v2\/media\/49424"}],"wp:attachment":[{"href":"https:\/\/dekkbi.com\/index.php?rest_route=%2Fwp%2Fv2%2Fmedia&parent=49421"}],"wp:term":[{"taxonomy":"category","embeddable":true,"href":"https:\/\/dekkbi.com\/index.php?rest_route=%2Fwp%2Fv2%2Fcategories&post=49421"},{"taxonomy":"post_tag","embeddable":true,"href":"https:\/\/dekkbi.com\/index.php?rest_route=%2Fwp%2Fv2%2Ftags&post=49421"}],"curies":[{"name":"wp","href":"https:\/\/api.w.org\/{rel}","templated":true}]}}