{"id":49414,"date":"2024-12-27T11:35:20","date_gmt":"2024-12-27T11:35:20","guid":{"rendered":"https:\/\/dekkbi.com\/?p=49414"},"modified":"2024-12-27T11:35:21","modified_gmt":"2024-12-27T11:35:21","slug":"assemblee-generale-de-la-coalition-dionne-mohamed-moustapha-diagne-successeur-du-regrette-boun-abdallah-dionne","status":"publish","type":"post","link":"https:\/\/dekkbi.com\/?p=49414","title":{"rendered":"Assembl\u00e9e g\u00e9n\u00e9rale de la Coalition Dionne : Mohamed Moustapha Diagne successeur du regrett\u00e9 Boun Abdallah Dionne"},"content":{"rendered":"\n<h3 class=\"wp-block-heading\">D.J.O.N.E (D\u00e9mocrates Justes et Ouverts pour une Nation de l\u2019\u00c9thique) est d\u00e9sormais le nom de la Coalition du d\u00e9funt Premier ministre, Mouhamed Boun Abdallah Dionne, apr\u00e8s leur Assembl\u00e9e g\u00e9n\u00e9rale tenue hier, jeudi 26 d\u00e9cembre 2024, \u00e0 Thi\u00e8s. Mohamed Moustapha Diagne est le successeur du regrett\u00e9 Mahammed Boun Abdallah Dionne. D\u00e9claration finale.<\/h3>\n\n\n\n<p>Les compagnons de toujours et h\u00e9ritiers naturels des Valeurs pr\u00f4n\u00e9es par Mahammed Boun Abdallah Dionne se sont r\u00e9unis en Assembl\u00e9e g\u00e9n\u00e9rale \u00e0 Thi\u00e8s, ce jeudi 26 D\u00e9cembre 2024. \u00c0 l&rsquo;issue des travaux, l&rsquo;Assembl\u00e9e g\u00e9n\u00e9rale a pris les r\u00e9solutions suivantes :<\/p>\n\n\n\n<p>\u2022 Relance des activit\u00e9s,<br>\u2022 Orientation commune pour toute position de la coalition sur les questions d&rsquo;int\u00e9r\u00eat national,<br>\u2022 Mise en place d&rsquo;une nouvelle direction<br>\u2022 D\u00e9ploiement dans tous les d\u00e9partements du S\u00e9n\u00e9gal et de la Diaspora<br>\u2022 Remobilisation des militants pour une reprise accrue des activit\u00e9s d&rsquo;animation et de massification<\/p>\n\n\n\n<p>Ces r\u00e9solutions ainsi \u00e9vacu\u00e9es, les d\u00e9cisions phares ci-apr\u00e8s ont \u00e9t\u00e9 adopt\u00e9es :<\/p>\n\n\n\n<p>1- La coalition Dionne 2024 est remplac\u00e9e par la coalition d\u00e9nomm\u00e9e \u00ab\u00a0Coalition DJONE\u00a0\u00bb (D\u00e9mocrates Justes et Ouverts pour une Nation de l&rsquo;\u00c9thique)<br>2- Monsieur Mohamed Moustapha Diagne a \u00e9t\u00e9 d\u00e9sign\u00e9 coordonnateur national de la coalition DJONE<br>3- Sur le registre politique, constatant une divergence dans les orientations et les positions prises par certains membres participant \u00e0 l&rsquo;assembl\u00e9e g\u00e9n\u00e9rale, les uns ayant soutenu le pouvoir, les autres l\u2019opposition, pendant les \u00e9lections l\u00e9gislatives, le d\u00e9bat sur la n\u00e9cessit\u00e9 d\u2019une orientation commune a \u00e9t\u00e9 pos\u00e9 et d\u00e9battu.<\/p>\n\n\n\n<p>Et apr\u00e8s d\u2019\u00e2pres discussions mais dans un esprit d\u00e9mocratique, l\u2019assembl\u00e9e a donn\u00e9 mandat \u00e0 la nouvelle direction, pour engager des discussions constructives avec d\u2019autres coalitions ou partis, afin de nouer un partenariat f\u00e9cond, en tenant compte de l\u2019int\u00e9r\u00eat exclusif du S\u00e9n\u00e9gal.<\/p>\n\n\n\n<p>4- Enfin, l&rsquo;ensemble des leaders de la coalition ont r\u00e9it\u00e9r\u00e9 leur engagement \u00e0 \u0153uvrer pour p\u00e9renniser les id\u00e9aux et convictions fortes incarn\u00e9s par Mahammed Boun Abdallah Dionne, pour un S\u00e9n\u00e9gal imbu d\u2019\u00e9thique, juste, r\u00e9concili\u00e9, libre et prosp\u00e8re.<\/p>\n\n\n\n<p>Pour l&rsquo;Assembl\u00e9e g\u00e9n\u00e9rale<\/p>\n\n\n\n<p><strong>Le Coordonnateur national<br>Mohamed Moustapha Diagne<\/strong><\/p>\n","protected":false},"excerpt":{"rendered":"<p>D.J.O.N.E (D\u00e9mocrates Justes et Ouverts pour une Nation de l\u2019\u00c9thique) est d\u00e9sormais le nom de la Coalition du d\u00e9funt Premier<\/p>\n","protected":false},"author":1,"featured_media":49415,"comment_status":"open","ping_status":"open","sticky":false,"template":"","format":"standard","meta":{"footnotes":""},"categories":[6],"tags":[],"class_list":["post-49414","post","type-post","status-publish","format-standard","has-post-thumbnail","hentry","category-politics"],"_links":{"self":[{"href":"https:\/\/dekkbi.com\/index.php?rest_route=\/wp\/v2\/posts\/49414","targetHints":{"allow":["GET"]}}],"collection":[{"href":"https:\/\/dekkbi.com\/index.php?rest_route=\/wp\/v2\/posts"}],"about":[{"href":"https:\/\/dekkbi.com\/index.php?rest_route=\/wp\/v2\/types\/post"}],"author":[{"embeddable":true,"href":"https:\/\/dekkbi.com\/index.php?rest_route=\/wp\/v2\/users\/1"}],"replies":[{"embeddable":true,"href":"https:\/\/dekkbi.com\/index.php?rest_route=%2Fwp%2Fv2%2Fcomments&post=49414"}],"version-history":[{"count":1,"href":"https:\/\/dekkbi.com\/index.php?rest_route=\/wp\/v2\/posts\/49414\/revisions"}],"predecessor-version":[{"id":49416,"href":"https:\/\/dekkbi.com\/index.php?rest_route=\/wp\/v2\/posts\/49414\/revisions\/49416"}],"wp:featuredmedia":[{"embeddable":true,"href":"https:\/\/dekkbi.com\/index.php?rest_route=\/wp\/v2\/media\/49415"}],"wp:attachment":[{"href":"https:\/\/dekkbi.com\/index.php?rest_route=%2Fwp%2Fv2%2Fmedia&parent=49414"}],"wp:term":[{"taxonomy":"category","embeddable":true,"href":"https:\/\/dekkbi.com\/index.php?rest_route=%2Fwp%2Fv2%2Fcategories&post=49414"},{"taxonomy":"post_tag","embeddable":true,"href":"https:\/\/dekkbi.com\/index.php?rest_route=%2Fwp%2Fv2%2Ftags&post=49414"}],"curies":[{"name":"wp","href":"https:\/\/api.w.org\/{rel}","templated":true}]}}