{"id":49409,"date":"2024-12-27T11:32:18","date_gmt":"2024-12-27T11:32:18","guid":{"rendered":"https:\/\/dekkbi.com\/?p=49409"},"modified":"2024-12-27T12:45:44","modified_gmt":"2024-12-27T12:45:44","slug":"les-tirailleurs-des-traitres-leurs-descendants-deposent-une-plainte-au-parquet","status":"publish","type":"post","link":"https:\/\/dekkbi.com\/?p=49409","title":{"rendered":"Les tirailleurs des \u00abtraitres\u00bb : Leurs \u00abdescendants\u00bb d\u00e9posent une plainte!"},"content":{"rendered":"\n<p>Les descendants des tirailleurs s\u00e9n\u00e9galais ont tenu une conf\u00e9rence de presse cet apr\u00e8s-midi pour d\u00e9noncer les propos tenus par Cheikh Omar Diagne \u00e0 l\u2019encontre des tirailleurs qu\u2019il traite de \u00abtraites\u00bb. Ils ont annonc\u00e9 une plainte et une p\u00e9tition.<\/p>\n\n\n\n<p>Les propos de Cheikh Oumar Diagne ont \u00e9t\u00e9 jug\u00e9es profond\u00e9ment irrespectueux et injurieux par les descendants des \u00abtirailleurs\u00bb. Ils ont d\u00e9clench\u00e9 une vague d&rsquo;indignations au sein des descendants des anciens combattants, qui rappellent le r\u00f4le h\u00e9ro\u00efque de ces hommes pendant les premi\u00e8re et seconde Guerres mondiales.<\/p>\n\n\n\n<p>Le pr\u00e9sident de la F\u00e9d\u00e9ration africaine des descendants des tirailleurs s\u00e9n\u00e9galais, \u00abGueye Para\u00bb, a exprim\u00e9 la col\u00e8re de leurs familles et soulign\u00e9 que des appels venus de divers pays condamnaient les propos de Cheikh Omar Diagne. Une p\u00e9tition, d\u00e9j\u00e0 sign\u00e9e par plus de 700 personnes, a \u00e9t\u00e9 lanc\u00e9e pour la d\u00e9mission de cheikh Omar Diagne et une plainte d\u00e9pos\u00e9e aupr\u00e8s du procureur de la R\u00e9publique, a-t-il annonc\u00e9, face \u00e0 la presse ce jeudi.<\/p>\n\n\n\n<p>\u00abOn peut nous tuer, mais on ne nous d\u00e9shonore pas\u00bb, ont fermement d\u00e9clar\u00e9 les descendants des tirailleurs qui exigent des sanctions exemplaires contre Cheikh Omar Diagne pour ses propos jug\u00e9s \u00abhonteux\u00bb. Ils ont \u00e9galement appel\u00e9 le Pr\u00e9sident de la R\u00e9publique et le Procureur de la R\u00e9publique \u00e0 d\u00e9fendre l\u2019honneur des tirailleurs et de l\u2019histoire nationale.<\/p>\n\n\n\n<p>\u00abLes tirailleurs s\u00e9n\u00e9galais ont sacrifi\u00e9 leur vie pour d\u00e9fendre la libert\u00e9, non seulement du S\u00e9n\u00e9gal, mais aussi du monde entier, et m\u00e9ritent respect et reconnaissance\u00bb ont-ils d\u00e9clar\u00e9 devant la presse.<\/p>\n\n\n\n<p>Face aux journalistes, les descendants des tirailleurs ont r\u00e9affirm\u00e9 leur engagement \u00e0 r\u00e9habiliter la m\u00e9moire des tirailleurs s\u00e9n\u00e9galais et \u00e0 faire en sorte que leur contribution dans la lutte pour la paix et la justice ne soit jamais oubli\u00e9e. Ils ont \u00e9galement exig\u00e9 des mesures concr\u00e8tes, notamment la r\u00e9version des pensions pour les veuves, certaines d&rsquo;entre elles \u00e9tant d\u00e9sormais octog\u00e9naires ou nonag\u00e9naires, ainsi que la prise en charge de leur sant\u00e9 pr\u00e9caire.<\/p>\n\n\n\n<figure class=\"wp-block-embed is-type-rich is-provider-prise-en-charge-des-contenus-embarqu-s wp-block-embed-prise-en-charge-des-contenus-embarqu-s wp-embed-aspect-16-9 wp-has-aspect-ratio\"><div class=\"wp-block-embed__wrapper\">\n<iframe loading=\"lazy\" title=\"Les tirailleurs trait\u00e9s de \u00abtraitres\u00bb : la col\u00e8re noire de  leurs \u00abdescendants\u00bb\" width=\"800\" height=\"450\" src=\"https:\/\/www.youtube.com\/embed\/tOzH18724vU?feature=oembed\" frameborder=\"0\" allow=\"accelerometer; autoplay; clipboard-write; encrypted-media; gyroscope; picture-in-picture; web-share\" referrerpolicy=\"strict-origin-when-cross-origin\" allowfullscreen><\/iframe>\n<\/div><\/figure>\n","protected":false},"excerpt":{"rendered":"<p>Les descendants des tirailleurs s\u00e9n\u00e9galais ont tenu une conf\u00e9rence de presse cet apr\u00e8s-midi pour d\u00e9noncer les propos tenus par Cheikh<\/p>\n","protected":false},"author":1,"featured_media":49412,"comment_status":"open","ping_status":"open","sticky":false,"template":"","format":"standard","meta":{"footnotes":""},"categories":[21],"tags":[],"class_list":["post-49409","post","type-post","status-publish","format-standard","has-post-thumbnail","hentry","category-societe"],"_links":{"self":[{"href":"https:\/\/dekkbi.com\/index.php?rest_route=\/wp\/v2\/posts\/49409","targetHints":{"allow":["GET"]}}],"collection":[{"href":"https:\/\/dekkbi.com\/index.php?rest_route=\/wp\/v2\/posts"}],"about":[{"href":"https:\/\/dekkbi.com\/index.php?rest_route=\/wp\/v2\/types\/post"}],"author":[{"embeddable":true,"href":"https:\/\/dekkbi.com\/index.php?rest_route=\/wp\/v2\/users\/1"}],"replies":[{"embeddable":true,"href":"https:\/\/dekkbi.com\/index.php?rest_route=%2Fwp%2Fv2%2Fcomments&post=49409"}],"version-history":[{"count":2,"href":"https:\/\/dekkbi.com\/index.php?rest_route=\/wp\/v2\/posts\/49409\/revisions"}],"predecessor-version":[{"id":49451,"href":"https:\/\/dekkbi.com\/index.php?rest_route=\/wp\/v2\/posts\/49409\/revisions\/49451"}],"wp:featuredmedia":[{"embeddable":true,"href":"https:\/\/dekkbi.com\/index.php?rest_route=\/wp\/v2\/media\/49412"}],"wp:attachment":[{"href":"https:\/\/dekkbi.com\/index.php?rest_route=%2Fwp%2Fv2%2Fmedia&parent=49409"}],"wp:term":[{"taxonomy":"category","embeddable":true,"href":"https:\/\/dekkbi.com\/index.php?rest_route=%2Fwp%2Fv2%2Fcategories&post=49409"},{"taxonomy":"post_tag","embeddable":true,"href":"https:\/\/dekkbi.com\/index.php?rest_route=%2Fwp%2Fv2%2Ftags&post=49409"}],"curies":[{"name":"wp","href":"https:\/\/api.w.org\/{rel}","templated":true}]}}