{"id":49351,"date":"2024-12-24T11:22:22","date_gmt":"2024-12-24T11:22:22","guid":{"rendered":"https:\/\/dekkbi.com\/?p=49351"},"modified":"2024-12-24T11:22:22","modified_gmt":"2024-12-24T11:22:22","slug":"trump-brandit-la-menace-de-taxes-douanieres-si-lue-nachete-pas-plus-de-gaz-et-de-petrole-americains","status":"publish","type":"post","link":"https:\/\/dekkbi.com\/?p=49351","title":{"rendered":"Trump brandit la menace de taxes douani\u00e8res si l&rsquo;UE n&rsquo;ach\u00e8te pas plus de gaz et de p\u00e9trole am\u00e9ricains"},"content":{"rendered":"\n<p>Le pr\u00e9sident am\u00e9ricain \u00e9lu Donald Trump a menac\u00e9 vendredi l&rsquo;Union europ\u00e9enne de taxes douani\u00e8res si elle ne r\u00e9duit pas son \u00ab\u00a0\u00e9norme\u00a0\u00bb d\u00e9ficit commercial avec Washington en lui achetant du p\u00e9trole et du gaz.<\/p>\n\n\n\n<p>\u00ab\u00a0J&rsquo;ai dit \u00e0 l&rsquo;Union europ\u00e9enne qu&rsquo;elle devait combler son \u00e9norme d\u00e9ficit avec les \u00c9tats-Unis en achetant \u00e0 grande \u00e9chelle notre p\u00e9trole et notre gaz\u00a0\u00bb, a \u00e9crit le milliardaire r\u00e9publicain dans un message sur son r\u00e9seau social Truth.<\/p>\n\n\n\n<p>\u00ab\u00a0Sinon, ce sont les TARIFS DOUANIERS jusqu&rsquo;au bout !!!\u00a0\u00bb, a menac\u00e9 Donald Trump.<\/p>\n\n\n\n<p>Les importations de biens en provenance de l&rsquo;UE s&rsquo;\u00e9levaient \u00e0 553,3 milliards de dollars (533,17 milliards d&rsquo;euros) en 2022, tandis que les exportations des Etats-Unis vers les Vingt-Sept repr\u00e9sentaient 350,8 milliards de dollars (338,04 milliards d&rsquo;euros), selon les chiffres am\u00e9ricains, soit un d\u00e9ficit commercial de 202,5 milliards de dollars (195,13 milliards d&rsquo;euros) entre les \u00c9tats-Unis et l&rsquo;Europe.<\/p>\n\n\n\n<p>Donald Trump, qui prend ses fonctions en janvier, a menac\u00e9 d&rsquo;imposer des droits de douane s\u00e9v\u00e8res aux partenaires commerciaux des \u00c9tats-Unis, notamment le Canada, le Mexique et la Chine, ce qui pourrait avoir des r\u00e9percussions sur l&rsquo;\u00e9conomie mondiale.<\/p>\n\n\n\n<p>Il a accus\u00e9 ses voisins canadien et mexicain d&rsquo;inonder les \u00c9tats-Unis de drogues et de migrants ill\u00e9gaux, et annonc\u00e9 des droits de douane sur leurs importations de 25%, s&rsquo;engageant \u00e9galement \u00e0 imposer au moins 10% de taxes douani\u00e8res \u00e0 la Chine, rivale de Washington dans la zone Asie-Pacifique.<\/p>\n\n\n\n<p>Le Canada, le Mexique et la Chine repr\u00e9sentent trois des principaux partenaires commerciaux des \u00c9tats-Unis.<\/p>\n\n\n\n<p>L&rsquo;UE a conclu le 6 d\u00e9cembre un vaste accord commercial avec quatre pays sud-am\u00e9ricains du Mercosur (Argentine, Br\u00e9sil, Paraguay, Uruguay) visant \u00e0 cr\u00e9er une zone de libre-\u00e9change de 700 millions de consommateurs.<\/p>\n\n\n\n<p>La pr\u00e9sidente de la Commission europ\u00e9enne Ursula von der Leyen a d\u00e9clar\u00e9 que l&rsquo;accord cr\u00e9erait des ponts commerciaux alors que \u00ab\u00a0des vents forts soufflent dans la direction oppos\u00e9e, vers l&rsquo;isolement et la fragmentation\u00a0\u00bb, un commentaire consid\u00e9r\u00e9 comme une allusion aux menaces de Donald Trump d&rsquo;augmenter les droits de douane.<\/p>\n\n\n\n<p>Les menaces tarifaires du pr\u00e9sident am\u00e9ricain \u00e9lu pourraient, selon des analystes, \u00eatre une fanfaronnade ou un moyen de pression en vue des futures n\u00e9gociations commerciales lorsqu&rsquo;il prendra ses fonctions.<\/p>\n\n\n\n<p>Mais il n&rsquo;a cess\u00e9 d&rsquo;insister sur le fait que des droits de douane \u00ab\u00a0correctement utilis\u00e9s\u00a0\u00bb seraient positifs pour l&rsquo;\u00e9conomie am\u00e9ricaine.<\/p>\n\n\n\n<p>\u00ab\u00a0Notre pays est actuellement perdant face \u00e0 tout le monde\u00a0\u00bb, a-t-il d\u00e9clar\u00e9 devant des journalistes dans sa r\u00e9sidence de Floride en d\u00e9but de semaine. \u00ab\u00a0Les taxes douani\u00e8res rendront notre pays riche.\u00a0\u00bb<\/p>\n\n\n\n<p>SOURCE DAKARACTU<\/p>\n","protected":false},"excerpt":{"rendered":"<p>Le pr\u00e9sident am\u00e9ricain \u00e9lu Donald Trump a menac\u00e9 vendredi l&rsquo;Union europ\u00e9enne de taxes douani\u00e8res si elle ne r\u00e9duit pas son<\/p>\n","protected":false},"author":1,"featured_media":49352,"comment_status":"open","ping_status":"open","sticky":false,"template":"","format":"standard","meta":{"footnotes":""},"categories":[51],"tags":[],"class_list":["post-49351","post","type-post","status-publish","format-standard","has-post-thumbnail","hentry","category-general"],"_links":{"self":[{"href":"https:\/\/dekkbi.com\/index.php?rest_route=\/wp\/v2\/posts\/49351","targetHints":{"allow":["GET"]}}],"collection":[{"href":"https:\/\/dekkbi.com\/index.php?rest_route=\/wp\/v2\/posts"}],"about":[{"href":"https:\/\/dekkbi.com\/index.php?rest_route=\/wp\/v2\/types\/post"}],"author":[{"embeddable":true,"href":"https:\/\/dekkbi.com\/index.php?rest_route=\/wp\/v2\/users\/1"}],"replies":[{"embeddable":true,"href":"https:\/\/dekkbi.com\/index.php?rest_route=%2Fwp%2Fv2%2Fcomments&post=49351"}],"version-history":[{"count":1,"href":"https:\/\/dekkbi.com\/index.php?rest_route=\/wp\/v2\/posts\/49351\/revisions"}],"predecessor-version":[{"id":49353,"href":"https:\/\/dekkbi.com\/index.php?rest_route=\/wp\/v2\/posts\/49351\/revisions\/49353"}],"wp:featuredmedia":[{"embeddable":true,"href":"https:\/\/dekkbi.com\/index.php?rest_route=\/wp\/v2\/media\/49352"}],"wp:attachment":[{"href":"https:\/\/dekkbi.com\/index.php?rest_route=%2Fwp%2Fv2%2Fmedia&parent=49351"}],"wp:term":[{"taxonomy":"category","embeddable":true,"href":"https:\/\/dekkbi.com\/index.php?rest_route=%2Fwp%2Fv2%2Fcategories&post=49351"},{"taxonomy":"post_tag","embeddable":true,"href":"https:\/\/dekkbi.com\/index.php?rest_route=%2Fwp%2Fv2%2Ftags&post=49351"}],"curies":[{"name":"wp","href":"https:\/\/api.w.org\/{rel}","templated":true}]}}