{"id":4934,"date":"2022-12-20T10:18:02","date_gmt":"2022-12-20T10:18:02","guid":{"rendered":"https:\/\/dekkbi.com\/?p=4934"},"modified":"2022-12-20T10:18:03","modified_gmt":"2022-12-20T10:18:03","slug":"kirene-conflits-paysans-et-bergers-du-sang-dans-les-champs","status":"publish","type":"post","link":"https:\/\/dekkbi.com\/?p=4934","title":{"rendered":"Kir\u00e8ne \u2013 Conflits paysans et bergers : Du sang dans les champs"},"content":{"rendered":"\n<p><strong>Le village de Kir\u00e8ne, situ\u00e9 dans la commune de Diass, est depuis quelques jours sous le feu des projecteurs suite \u00e0 la mort de Abdou Faye, un jeune \u00a0de 26 ans, tu\u00e9 froidement par deux bergers. Le poumon \u00e9conomique de Diass vit aujourd\u2019hui une grande peur \u00e0 cause des relations conflictuelles avec des bergers, qui envahissent leurs p\u00e9rim\u00e8tres champ\u00eatres avec leurs troupeaux. Une situation qui a provoqu\u00e9 la mort d\u2019un jeune de ce village, la semaine derni\u00e8re. En guise de repr\u00e9sailles, des individus ont mis le feu dans ce village de Thiambokh Peulh d\u2019o\u00f9 sont originaires les deux suppos\u00e9s bourreaux de Abdou Faye.<\/strong><\/p>\n\n\n\n<p>Le village de Kir\u00e8ne ne dig\u00e8re toujours pas la mort du jeune Abdou Faye, tu\u00e9 par deux bergers. De Dobour, en passant par Kahane Lamane, Gaspard, Tepring, Kahane Ndiaye et Fouk, le quartier o\u00f9 a eu lieu le drame, tout le monde r\u00e9clame Justice. Fig\u00e9es dans la tristesse, les populations invitent au plus vite les autorit\u00e9s de faire toute la lumi\u00e8re sur ce dossier. Le pr\u00e9sident de l\u2019Association pour le d\u00e9veloppement de Kir\u00e8ne tient \u00e0 r\u00e9tablir la v\u00e9rit\u00e9 de faits sur cette affaire qui fait couler beaucoup de salive. \u00abIl faut que nous \u00e9clairions la lanterne des S\u00e9n\u00e9galais sur la r\u00e9alit\u00e9 des faits. Abdou Faye a \u00e9t\u00e9 assassin\u00e9 devant sa maman par deux bergers venus de Thiambokh. Il \u00e9tait venu avec sa maman r\u00e9colter de l\u2019oseille dans leur champ bien s\u00e9curis\u00e9 avec une cl\u00f4ture. A leur grande surprise, ils ont trouv\u00e9 deux bergers dans le champ avec leur troupeau. Tout de suite, il a demand\u00e9 aux bergers de quitter le champ avec leur troupeau, mais ces derniers ont refus\u00e9 non seulement de sortir, mais ils l\u2019ont attaqu\u00e9 avec des machettes, l\u2019abattant froidement devant sa m\u00e8re. Cette derni\u00e8re les a poursuivis lorsqu\u2019ils ont pris la fuite vers la for\u00eat\u00bb, retrace Alassane S\u00e8ne.<br>Depuis cette affaire, les \u00e9l\u00e8ves ne font plus cours dans ce village, car les habitants veulent que les pr\u00e9sum\u00e9s coupables soient arr\u00eat\u00e9s. D\u2019ailleurs, ils indexent la passivit\u00e9 des autorit\u00e9s. \u00abDans cette affaire, nous pointons la responsabilit\u00e9 des autorit\u00e9s administratives et s\u00e9curitaires qui ont &nbsp;failli \u00e0 leur mission, &nbsp;puisque les faits d\u2019agression des bergers sur les paysans sont r\u00e9currents \u00e0 Kir\u00e8ne. Il y a eu plus de 15 plaintes, toutes sans suite\u00bb, d\u00e9plore le pr\u00e9sident de l\u2019Association pour le d\u00e9veloppement de Kir\u00e8ne.<\/p>\n\n\n\n<p>Pourtant, de tels \u00e9v\u00e8nements \u00e9taient pr\u00e9visibles, vu les nombreux cas qui se sont produits dans ce village. Que faire pour \u00e9viter de tels sc\u00e9narios&nbsp;? \u00abNous avons pris le soin d\u2019alerter les autorit\u00e9s d\u00e8s le mois de septembre. Des correspondances ont \u00e9t\u00e9 adress\u00e9es au sous-pr\u00e9fet de Sindia, ainsi qu\u2019au commandant de la gendarmerie de Diass et au pr\u00e9sident des \u00e9leveurs. Ils ont tous re\u00e7u notre premi\u00e8re lettre d\u2019alerte avec d\u00e9charge depuis le 21 septembre. Malgr\u00e9 cette lettre d\u2019alerte, le 13 novembre dernier, des bergers ont coup\u00e9 les doigts d\u2019un paysan dans son champ. Ce fait nous a amen\u00e9 \u00e0 \u00e9crire une deuxi\u00e8me lettre d\u2019alerte, cette fois-ci le 21 novembre dernier. Mais, le sous-pr\u00e9fet et le commandant de la gendarmerie n\u2019ont agi pour pr\u00e9venir de tels drames\u00bb, d\u00e9clare M. S\u00e8ne.<\/p>\n\n\n\n<p><strong>Cohabitation conflictuelle<\/strong><br>Aujourd\u2019hui, les habitants de ce village reprochent aux autorit\u00e9s de ne pas \u00eatre en mesure d\u2019assurer la s\u00e9curit\u00e9. Pour eux, il faut que Justice soit faite, mais aussi que les trois jeunes de Kir\u00e8ne arr\u00eat\u00e9s dans cette affaire soient lib\u00e9r\u00e9s. \u00abNous demandons aussi que le sous-pr\u00e9fet et le commandant de la gendarmerie de Diass soient affect\u00e9s, puisqu\u2019il y a des plaintes qui sont sans suite avec des blessures et des certificats m\u00e9dicaux des paysans. Nous exigeons aussi la lib\u00e9ration imm\u00e9diate et sans condition des jeunes de Kir\u00e8ne arr\u00eat\u00e9s dans le cadre de cette affaire. Nous demandons aussi, l\u2019arrestation des bourreaux et non des victimes. Kir\u00e8ne n\u2019a aucun troupeau, ceux que vous voyez divaguer dans le village n\u2019y habitent pas. Et pour cela, &nbsp;nous exigeons que sur le territoire de Kir\u00e8ne que le p\u00e2turage de ces troupeaux soit arr\u00eat\u00e9 pour que la paix r\u00e8gne ici une fois pour toutes\u00bb, note-t-il.<\/p>\n\n\n\n<p>Astou Ndiaye ne cache pas son amertume suite \u00e0 la mort du jeune Abdou Faye dans des conditions atroces. \u00abNous avons mal. Aujourd\u2019hui ce qui se passe, c\u2019est triste. Nous avons subi une grosse perte dans des circonstances inhumaines, des bergers ont tu\u00e9 un des n\u00f4tres et c\u2019est nous qui sommes poursuivis. Nous sommes dans quel monde&nbsp;? Quelle est l\u2019histoire qu\u2019on nous sert&nbsp;? Ils ne connaissent pas les bourreaux de Abdou Faye, une r\u00e9ponse \u00e0 laquelle personne ne croit\u00bb, tance Astou Ndiaye.<\/p>\n\n\n\n<p>Elle est inconsolable. \u00abDepuis cet assassinat, Momath Ciss, le maire de Keur Mousseu, est pr\u00e9sent \u00e0 Thiambokh Peulh, o\u00f9 se trouve le n\u00f4tre&nbsp;? Nous n\u2019avons vu aucune autorit\u00e9 \u00e0 Kir\u00e8ne, il n\u2019y ena pas. Notre maire ainsi que les autorit\u00e9s du d\u00e9partement sont aux abonn\u00e9s absents. La gendarmerie de Diass a laiss\u00e9 faire, c\u2019est elle qui est aujourd\u2019hui \u00e0 l\u2019origine de cette situation.&nbsp; Au lieu de venir nous voir pour nous consoler, on arr\u00eate nos jeunes. Nous disons \u00e0 ces gens que s\u2019il faut se battre pour qu\u2019ils soient lib\u00e9r\u00e9s, nous le ferons.&nbsp; Et je le dis bien, nous n\u2019allons plus accepter aucune compromission. Nous ne pouvons pas \u00eatre victimes et \u00eatre poursuivis. Pourquoi le commandant a lib\u00e9r\u00e9 le troupeau que nous avons pris chez les bergers&nbsp;? Donc, trop, c\u2019est trop. Il ne devait pas venir ici lib\u00e9rer les vaches\u00bb, d\u00e9nonce Astou Ndiaye. Elle encha\u00eene&nbsp;: \u00abOn ne nous respecte pas. Le grand-fr\u00e8re de la victime a presque subi le m\u00eame sort, il a re\u00e7u des coups de machette. Muni d\u2019un certificat m\u00e9dical, il a port\u00e9 plainte, mais sans suite.&nbsp;Nous ne sommes plus en s\u00e9curit\u00e9, il faut que \u00e7a arr\u00eate.\u00bb<\/p>\n\n\n\n<p><strong>18 incidents depuis 2011<\/strong><br>Cette affaire Abdou Faye est le dernier drame. Des cas similaires sont monnaie courante dans le village de Kir\u00e8ne. \u00abCe n\u2019est pas une premi\u00e8re dans ce village, depuis tr\u00e8s longtemps, des cas d\u2019agression de la part des bergers existent dans ce village. Depuis 2011, moi personnellement j\u2019ai enregistr\u00e9 18 dossiers qui concernent des affaires li\u00e9es \u00e0 des troupeaux qui entrent dans des champs appartenant \u00e0 des habitants du village de Kir\u00e8ne\u00bb, raconte Ablaye Ndione, chef du p\u00e9rim\u00e8tre Rpmk. \u00abEt \u00e0 chaque fois, ce sont des plaintes qui n\u2019aboutissent pas. Il y a eu trois cas o\u00f9 du sang a \u00e9t\u00e9 vers\u00e9, sans compter les d\u00e9g\u00e2ts mat\u00e9riels avec des champs compl\u00e9ment d\u00e9vast\u00e9s par les vaches. Aujourd\u2019hui, nous assistons \u00e0 mort d\u2019homme et pourtant depuis longtemps, cette situation pouvait \u00eatre \u00e9vit\u00e9e. Tous ces dossiers sont connus des autorit\u00e9s administratives et s\u00e9curitaires de Diass\u00bb, souligne le responsable du p\u00e9rim\u00e8tre de Kir\u00e8ne.<br>Aujourd\u2019hui, Kir\u00e8ne est devenue le poumon \u00e9conomique de Diass. Jadis gros village, la commune abrite presque tous les projets de l\u2019Etat qui sont dans cette partie de la commune de Diass. Malgr\u00e9 la pr\u00e9sence d\u2019une usine d\u2019eau min\u00e9rale Kir\u00e8ne, d\u2019une cimenterie, les carri\u00e8res et l\u2019A\u00e9roport international, les 30 tonnes de haricots verts r\u00e9colt\u00e9es chaque jour, les habitants vivent dans la pr\u00e9carit\u00e9, sans \u00e9lectricit\u00e9. Frapp\u00e9s par le ch\u00f4mage, les jeunes se contentent de l\u2019agriculture. Mais, leur activit\u00e9 est menac\u00e9e. Face \u00e0 cette situation, les habitants demandent aux autorit\u00e9s de prendre les d\u00e9cisions idoines pour pacifier la zone. Les autres villages de la commune se radicalisent et soutiennent le village de Kir\u00e8ne dans cette \u00e9preuve. Daouda S\u00e8ne, membre de l\u2019Association Kolam qui polarise toutes les associations Saf\u00e8ne, avertit les autorit\u00e9s&nbsp;: \u00abje m\u2019adresse au pr\u00e9sident de la R\u00e9publique pour lui demander, sommes-nous des S\u00e9n\u00e9galais oui ou non&nbsp;? Pourquoi autant de m\u00e9pris apr\u00e8s un tel drame. La situation que les habitants de Kir\u00e8ne vivent, il y a d\u2019autres villages de la commune qui la vivent.<br>Rien qu\u2019en 2022, dans le village de Mbayard, un jeune du village en classe de Terminale a \u00e9t\u00e9 tu\u00e9 par des bergers, mon neveu a subi la foudre des bergers qui l\u2019ont assen\u00e9 de coups de machette. Les auteurs de ces faits sont arr\u00eat\u00e9s, mais apr\u00e8s quelques jours, vous les rencontrer tra\u00eener dans la brousse\u00bb, rappelle Daouda S\u00e8ne. \u00abNous n\u2019accepterons pas qu\u2019on prot\u00e8ge des criminels et arr\u00eate les victimes. Que la gendarmerie lib\u00e8re au plus vite ces jeunes\u00bb, insiste M. S\u00e8ne.<\/p>\n\n\n\n<p><strong>Les pr\u00e9sum\u00e9s meurtriers arr\u00eat\u00e9s<\/strong><br>La traque a \u00e9t\u00e9 fructueuse. Cela va sans doute aussi apaiser les populations de Kir\u00e8ne. Le Quotidien a appris que le berger, qui a tu\u00e9 Abdou Faye, a \u00e9t\u00e9 arr\u00eat\u00e9 ainsi que le propri\u00e9taire des troupeaux. Ils ont \u00e9t\u00e9 tous les deux transf\u00e9r\u00e9s \u00e0 la Section de recherches de Thi\u00e8s. Alors que les trois jeunes de Kir\u00e8ne, qui auraient particip\u00e9 \u00e0 l\u2019exp\u00e9dition punitive au niveau du patelin d\u2019o\u00f9 serait originaire le pr\u00e9sum\u00e9 meurtrier, devraient faire face ce lundi au procureur. Vendredi, ils avaient fait l\u2019objet d\u2019un retour de Parquet. Accus\u00e9s d\u2019avoir mis le feu au village de Thiambokh Peulh, ils devraient \u00eatre \u00e9difi\u00e9s sur leur sort aujourd\u2019hui.<\/p>\n\n\n\n<p><strong>Par Alioune Badara CISS-abciss@lequotidien.sn<\/strong><\/p>\n","protected":false},"excerpt":{"rendered":"<p>Le village de Kir\u00e8ne, situ\u00e9 dans la commune de Diass, est depuis quelques jours sous le feu des projecteurs suite<\/p>\n","protected":false},"author":1,"featured_media":4935,"comment_status":"open","ping_status":"open","sticky":false,"template":"","format":"standard","meta":{"footnotes":""},"categories":[26],"tags":[],"class_list":["post-4934","post","type-post","status-publish","format-standard","has-post-thumbnail","hentry","category-fait-divers"],"_links":{"self":[{"href":"https:\/\/dekkbi.com\/index.php?rest_route=\/wp\/v2\/posts\/4934","targetHints":{"allow":["GET"]}}],"collection":[{"href":"https:\/\/dekkbi.com\/index.php?rest_route=\/wp\/v2\/posts"}],"about":[{"href":"https:\/\/dekkbi.com\/index.php?rest_route=\/wp\/v2\/types\/post"}],"author":[{"embeddable":true,"href":"https:\/\/dekkbi.com\/index.php?rest_route=\/wp\/v2\/users\/1"}],"replies":[{"embeddable":true,"href":"https:\/\/dekkbi.com\/index.php?rest_route=%2Fwp%2Fv2%2Fcomments&post=4934"}],"version-history":[{"count":1,"href":"https:\/\/dekkbi.com\/index.php?rest_route=\/wp\/v2\/posts\/4934\/revisions"}],"predecessor-version":[{"id":4936,"href":"https:\/\/dekkbi.com\/index.php?rest_route=\/wp\/v2\/posts\/4934\/revisions\/4936"}],"wp:featuredmedia":[{"embeddable":true,"href":"https:\/\/dekkbi.com\/index.php?rest_route=\/wp\/v2\/media\/4935"}],"wp:attachment":[{"href":"https:\/\/dekkbi.com\/index.php?rest_route=%2Fwp%2Fv2%2Fmedia&parent=4934"}],"wp:term":[{"taxonomy":"category","embeddable":true,"href":"https:\/\/dekkbi.com\/index.php?rest_route=%2Fwp%2Fv2%2Fcategories&post=4934"},{"taxonomy":"post_tag","embeddable":true,"href":"https:\/\/dekkbi.com\/index.php?rest_route=%2Fwp%2Fv2%2Ftags&post=4934"}],"curies":[{"name":"wp","href":"https:\/\/api.w.org\/{rel}","templated":true}]}}