{"id":49320,"date":"2024-12-24T10:29:19","date_gmt":"2024-12-24T10:29:19","guid":{"rendered":"https:\/\/dekkbi.com\/?p=49320"},"modified":"2024-12-24T10:29:19","modified_gmt":"2024-12-24T10:29:19","slug":"rufisque-pape-mbaye-marie-sylla-sg-sels-a-nous-allons-des-le-mois-de-janvier-renouer-avec-les-plans-dactions","status":"publish","type":"post","link":"https:\/\/dekkbi.com\/?p=49320","title":{"rendered":"Rufisque \u2013 Pape Mbaye Marie Sylla, SG Sels\/A : \u00abNous allons, d\u00e8s le mois de janvier, renouer avec les plans d\u2019actions\u00bb"},"content":{"rendered":"\n<p><strong>Le Sels\/A a d\u00e9cid\u00e9 de r\u00e9activer ses plans d\u2019actions pour pousser le gouvernement \u00e0 reprendre les n\u00e9gociations li\u00e9es aux lenteurs administratives, \u00e0 la situation des d\u00e9cisionnaires, au paiement sans d\u00e9lai des indemnit\u00e9s du Bac pour les instituteurs ou encore l\u2019avancement de l\u2019\u00e2ge de la retraite \u00e0 65 ans.<\/strong><\/p>\n\n\n\n<p>\u00a0 \u2013\u00a0Le Syndicat des enseignants libres du S\u00e9n\u00e9gal (Sels\/ A) agite une perturbation de l\u2019ann\u00e9e scolaire d\u00e8s le retour des f\u00eates de No\u00ebl. Pape Mbaye Marie Sylla, Secr\u00e9taire g\u00e9n\u00e9ral de l\u2019organisation, l\u2019a fait savoir dimanche lors de l\u2019Assembl\u00e9e g\u00e9n\u00e9rale des arabophones et jeunes du Sels\/A \u00e0 l\u2019\u00e9cole de la Poste de Rufisque. Ceci, a-t-il fait savoir, pour inciter le gouvernement \u00e0 la prise en charge des revendications des enseignants pour lesquelles les autorit\u00e9s font la sourde oreille. \u00abNous pensons que la volont\u00e9 politique de r\u00e9gler les revendications des enseignants n\u2019est pas l\u00e0. Elle n\u2019est pas spontan\u00e9e et nous devons la provoquer. Et, pour ce faire, le Sels\/Authen-tique a d\u00e9cid\u00e9 de mettre en place un cadre de lutte, et ce cadre sera \u00e9largi \u00e0 toutes les organisations s\u0153urs qui sont au niveau du syst\u00e8me \u00e9ducatif\u00bb, a fait comprendre M. Sylla. \u00abNous avons d\u00e9j\u00e0 commenc\u00e9 le travail. Nous sommes d\u00e9j\u00e0 entr\u00e9s en contact avec beaucoup de secr\u00e9taires g\u00e9n\u00e9raux nationaux et ils sont pr\u00eats \u00e0 travailler avec nous dans ce cadre pour porter les revendications des enseignants\u00bb, a-t-il not\u00e9 avant de se d\u00e9voiler on ne peut plus clairement dans ce combat. \u00abNous allons, d\u00e8s le mois de janvier, renouer avec les plans d\u2019actions et avec les gr\u00e8ves parce que nous pensons que c\u2019est la seule solution pour que le gouvernement entende raison\u00bb, a d\u00e9cr\u00e9t\u00e9 le Sg du Sels\/A.<\/p>\n\n\n\n<p>Parmi les revendications, les lenteurs administratives, la situation des d\u00e9cisionnaires, le paiement sans d\u00e9lai des indemnit\u00e9s du Bac pour les instituteurs ou encore l\u2019avancement de l\u2019\u00e2ge de la retraite \u00e0 65 ans\u2026 M. Sylla a aussi d\u00e9plor\u00e9 la d\u00e9marche du minist\u00e8re sur la question de l\u2019introduction de l\u2019anglais \u00e0 l\u2019\u00e9l\u00e9mentaire.\u00a0\u00abNous n\u2019avons pas compris l\u2019option du ministre de l\u2019Education nationale. Aujourd\u2019hui, il y a un sentiment de d\u00e9couragement qui anime ceux qui ont \u00e9t\u00e9 pressentis pour conduire ces r\u00e9formes au niveau de l\u2019\u00e9l\u00e9mentaire\u00bb, a-t-il estim\u00e9. \u00abCe sont des enseignants qui, en principe, selon la formule qui a \u00e9t\u00e9 pr\u00e9sent\u00e9e la fois derni\u00e8re, vont intervenir les apr\u00e8s-midi du mardi et du jeudi. Or, apr\u00e8s-midi du mardi et du jeudi, \u00e7a veut dire que ce sont les heures de renforcement qui seront \u00e9lagu\u00e9es, alors que le renforcement qu\u2019on devait d\u2019ailleurs appeler cours de consolidation a du sens et du contenu\u00bb, a-t-il d\u00e9velopp\u00e9. \u00abLes supprimer pour faire la place \u00e0 l\u2019anglais qui est une langue \u00e9galement \u00e9trang\u00e8re comme le fran\u00e7ais, nous pensons que ce n\u2019est pas pertinent, donc il faut aller dans le sens de revoir tout \u00e7a\u00bb, a-t-il insist\u00e9, assurant que ces enseignants doivent d\u00e8s lors \u00eatre indemnis\u00e9s. \u00abCe travail ne fait partie de leur cahier des charges\u00bb, a ainsi justifi\u00e9 M. Sylla.<\/p>\n\n\n\n<p><strong>Par Alioune Badara NDIAYEabndiaye@lequotidien.sn<\/strong><\/p>\n","protected":false},"excerpt":{"rendered":"<p>Le Sels\/A a d\u00e9cid\u00e9 de r\u00e9activer ses plans d\u2019actions pour pousser le gouvernement \u00e0 reprendre les n\u00e9gociations li\u00e9es aux lenteurs<\/p>\n","protected":false},"author":1,"featured_media":49321,"comment_status":"open","ping_status":"open","sticky":false,"template":"","format":"standard","meta":{"footnotes":""},"categories":[26],"tags":[],"class_list":["post-49320","post","type-post","status-publish","format-standard","has-post-thumbnail","hentry","category-fait-divers"],"_links":{"self":[{"href":"https:\/\/dekkbi.com\/index.php?rest_route=\/wp\/v2\/posts\/49320","targetHints":{"allow":["GET"]}}],"collection":[{"href":"https:\/\/dekkbi.com\/index.php?rest_route=\/wp\/v2\/posts"}],"about":[{"href":"https:\/\/dekkbi.com\/index.php?rest_route=\/wp\/v2\/types\/post"}],"author":[{"embeddable":true,"href":"https:\/\/dekkbi.com\/index.php?rest_route=\/wp\/v2\/users\/1"}],"replies":[{"embeddable":true,"href":"https:\/\/dekkbi.com\/index.php?rest_route=%2Fwp%2Fv2%2Fcomments&post=49320"}],"version-history":[{"count":1,"href":"https:\/\/dekkbi.com\/index.php?rest_route=\/wp\/v2\/posts\/49320\/revisions"}],"predecessor-version":[{"id":49322,"href":"https:\/\/dekkbi.com\/index.php?rest_route=\/wp\/v2\/posts\/49320\/revisions\/49322"}],"wp:featuredmedia":[{"embeddable":true,"href":"https:\/\/dekkbi.com\/index.php?rest_route=\/wp\/v2\/media\/49321"}],"wp:attachment":[{"href":"https:\/\/dekkbi.com\/index.php?rest_route=%2Fwp%2Fv2%2Fmedia&parent=49320"}],"wp:term":[{"taxonomy":"category","embeddable":true,"href":"https:\/\/dekkbi.com\/index.php?rest_route=%2Fwp%2Fv2%2Fcategories&post=49320"},{"taxonomy":"post_tag","embeddable":true,"href":"https:\/\/dekkbi.com\/index.php?rest_route=%2Fwp%2Fv2%2Ftags&post=49320"}],"curies":[{"name":"wp","href":"https:\/\/api.w.org\/{rel}","templated":true}]}}