{"id":49297,"date":"2024-12-24T10:03:49","date_gmt":"2024-12-24T10:03:49","guid":{"rendered":"https:\/\/dekkbi.com\/?p=49297"},"modified":"2024-12-24T10:06:32","modified_gmt":"2024-12-24T10:06:32","slug":"ndeye-coumba-teuw-aw-dg-bicis-nous-reflechissons-a-un-financement-de-la-campagne-agricole","status":"publish","type":"post","link":"https:\/\/dekkbi.com\/?p=49297","title":{"rendered":"Nd\u00e8ye Coumba Teuw Aw, DG BICIS"},"content":{"rendered":"\n<p><strong> \u00abNous r\u00e9fl\u00e9chissons \u00e0 un financement de la campagne agricole\u00bb<\/strong> &#8211; <strong>Dans cette interview r\u00e9alis\u00e9e dans le cadre de l\u2019African financial summit (Casablanca, 9-10 d\u00e9cembre 2024), la directrice g\u00e9n\u00e9rale de la Banque internationale pour le commerce et l\u2019industrie du S\u00e9n\u00e9gal (Bicis), Nd\u00e8ye Coumba Teuw Aw, aborde ses ambitions d\u2019accompagner davantage les Pme, les particuliers et l\u2019\u00c9tat du S\u00e9n\u00e9gal. Dans un secteur comme l\u2019agriculture, elle compte \u0153uvrer pour atteindre l\u2019objectif de souverainet\u00e9 alimentaire.\u00a0<\/strong><\/p>\n\n\n\n<p>Apr\u00e8s l\u2019acquisition par le groupe Sunu, comment se porte la Bicis dans l\u2019\u00e9cosyst\u00e8me bancaire s\u00e9n\u00e9galais ? La Bicis avait d\u00e9j\u00e0 des agr\u00e9gats sains au moment de la reprise, m\u00eame si les ambitions s\u2019\u00e9taient un peu tass\u00e9es. Et avec la reprise de la Bicis par le groupe Sunu, nous d\u00e9clinons des ambitions plus fortes. D\u2019ailleurs, depuis septembre 2024, nous avons gagn\u00e9 deux places dans le top 10 des banques au S\u00e9n\u00e9gal ; ce qui r\u00e9v\u00e8le une politique ax\u00e9e sur la croissance. Nous sommes, aujourd\u2019hui, \u00e0 la 7e place au niveau des emplois et 6e au niveau des ressources. Nous esp\u00e9rons figurer parmi le top 3 des banques \u00e0 l\u2019horizon 2026.<\/p>\n\n\n\n<p>Nous nous positionnons comme une banque universelle avec un r\u00e9seau d\u2019une trentaine d\u2019agences accueillant environ 80.000 clients et une politique \u00e9quilibr\u00e9e pour satisfaire la client\u00e8le, aussi bien Corporate que particuliers et professionnels. Il est important de pr\u00e9ciser que notre strat\u00e9gie \u00e9tait plus ax\u00e9e sur l\u2019accompagnement de multinationales. Avec le groupe Sunu, nous avons une volont\u00e9 affich\u00e9e d\u2019accompagner les Pme-Pmi afin de mieux nous impliquer dans l\u2019\u00e9conomie nationale tout en assistant toujours notre client\u00e8le Corporate qui continue de porter nos plus gros engagements. Dans ce d\u00e9veloppement, notre client\u00e8le, particuliers et professionnels, est \u00e9galement privil\u00e9gi\u00e9e.<\/p>\n\n\n\n<p><strong>L\u2019encours de cr\u00e9dit est encore faible. On est \u00e0 moins de 10 % par rapport au financement des Pme par les banques. Par quelles innovations comptez-vous inverser cette tendance ?<\/strong><\/p>\n\n\n\n<p>C\u2019est un fait ; les niveaux de financement des Pme sont encore insuffisants. Cela est essentiellement d\u00fb \u00e0 la capacit\u00e9 des Pme-Pmi \u00e0 se mettre en norme de mani\u00e8re \u00e0 pouvoir satisfaire aux conditions des financements. Au-del\u00e0 du fait qu\u2019il y a une grande cat\u00e9gorie d\u2019entreprises qui peinent \u00e0 sortir du secteur dit \u00ab informel \u00bb, nous avons \u00e9galement une cat\u00e9gorie d\u2019entre elles qui ne parvient pas \u00e0 disposer de garanties fiables et \u00e9ligibles, sans oublier le probl\u00e8me de management identifi\u00e9 dans beaucoup de Pme-Pmi. Toutefois, la Bicis fait tout son possible pour mettre \u00e0 la disposition des entreprises un accompagnement financier sp\u00e9cifique \u00e0 leur besoin tout en veillant au remboursement des cr\u00e9dits qui, osons le dire, pose un probl\u00e8me. De mani\u00e8re g\u00e9n\u00e9rale, la Bicis s\u2019est engag\u00e9e dans la voie du financement des Pme-Pmi, car elles sont des vecteurs de croissance, mais \u00e9galement parce que la volont\u00e9 de notre regrett\u00e9 Papa Path\u00e9 Dione, fondateur du groupe Sunu et dont je salue respectueusement la m\u00e9moire, \u00e9tait d\u2019acqu\u00e9rir une banque qui participe activement au d\u00e9veloppement des richesses de son pays. Nous travaillons dur pour atteindre cet objectif dans le cadre d\u2019une croissance ma\u00eetris\u00e9e.<\/p>\n\n\n\n<p><strong>Que pr\u00e9voyez-vous pour un secteur assez porteur comme l\u2019agriculture ?<\/strong><\/p>\n\n\n\n<p>Le secteur de l\u2019agriculture est assez complexe parce qu\u2019il ne se finance pas avec les m\u00eames garanties de recouvrement. Nous avons bien not\u00e9 la volont\u00e9 affich\u00e9e des pouvoirs publics d\u2019inciter \u00e0 un retour \u00e0 l\u2019agriculture, le d\u00e9veloppement de l\u2019agrobusiness ainsi que la communication sur la souverainet\u00e9 alimentaire. C\u2019est une excellente chose et notre banque appuie quelques entreprises qui investissent dans ce secteur tout en r\u00e9fl\u00e9chissant \u00e0 un mode de financement de campagne qui permettra d\u2019accompagner nos agriculteurs. Ce faisant, nous apporterons notre modeste contribution \u00e0 l\u2019effort national devant conduire \u00e0 la souverainet\u00e9 alimentaire.<\/p>\n\n\n\n<p><strong>Qu\u2019en sera-t-il pour les fintech et les startups ?<\/strong><\/p>\n\n\n\n<p>Pour toutes les activit\u00e9s, nous cherchons, en g\u00e9n\u00e9ral, \u00e0 faciliter la vie et le parcours du client. Aujourd\u2019hui, il n\u2019est plus pensable de passer toute une journ\u00e9e \u00e0 la banque pour faire des retraits. Faciliter la vie des clients, c\u2019est avoir son smartphone, pouvoir faire des op\u00e9rations, payer la facture d\u2019eau ou d\u2019\u00e9lectricit\u00e9, son cr\u00e9dit, la scolarit\u00e9 des enfants\u2026sans se d\u00e9placer. Ce sont des innovations que nous avons d\u00e9j\u00e0 et que nous am\u00e9liorons chaque jour. Le pr\u00e9sident de la R\u00e9publique, Bassirou Diomaye Faye, et son Premier ministre, dans le cadre de l\u2019ex\u00e9cution de l\u2019agenda 2050, ont lanc\u00e9 un appel aux banques, mais \u00e9galement au secteur priv\u00e9.<\/p>\n\n\n\n<p><strong>Comment la Bicis compte-t-elle accompagner cette ambition et cette politique du gouvernement s\u00e9n\u00e9galais ?<\/strong><\/p>\n\n\n\n<p>Le directeur g\u00e9n\u00e9ral du groupe, M. Mohamed Bah, a eu l\u2019occasion d\u2019\u00eatre re\u00e7u par le chef de l\u2019\u00c9tat, Son Excellence, Monsieur Bassirou Diomaye Diakhar Faye. Lors de cette audience, il a exprim\u00e9 les ambitions du groupe et la volont\u00e9 de la Bicis de contribuer \u00e0 l\u2019essor de l\u2019\u00e9conomie s\u00e9n\u00e9galaise. \u00c0 cet \u00e9gard, je me permets de rappeler que la Bicis accompagne l\u2019\u00c9tat \u00e0 travers ses \u00e9missions, se tient aux c\u00f4t\u00e9s des soci\u00e9t\u00e9s nationales en apportant ses contributions en financement et continue d\u2019accorder des pr\u00eats aux Pme, aux particuliers et aux fonctionnaires. Nous avons d\u2019ailleurs convenu, avec le minist\u00e8re des Finances et du Budget, un accompagnement sur un programme immobilier commun\u00e9ment appel\u00e9 Pr\u00eat Dmc (Direction de la monnaie et du cr\u00e9dit), pour un lot d\u2019environ 2500 nouveaux dossiers. Comme vous l\u2019imaginez, notre accompagnement des initiatives de l\u2019\u00c9tat a toujours \u00e9t\u00e9 constant.<\/p>\n\n\n\n<p><strong>Entretien r\u00e9alis\u00e9 par Demba DIENG<\/strong><\/p>\n\n\n\n<p>SOURCE LESOLEIL<\/p>\n\n\n\n<p><\/p>\n","protected":false},"excerpt":{"rendered":"<p>\u00abNous r\u00e9fl\u00e9chissons \u00e0 un financement de la campagne agricole\u00bb &#8211; Dans cette interview r\u00e9alis\u00e9e dans le cadre de l\u2019African financial<\/p>\n","protected":false},"author":1,"featured_media":49298,"comment_status":"open","ping_status":"open","sticky":false,"template":"","format":"standard","meta":{"footnotes":""},"categories":[3],"tags":[],"class_list":["post-49297","post","type-post","status-publish","format-standard","has-post-thumbnail","hentry","category-event-more-news"],"_links":{"self":[{"href":"https:\/\/dekkbi.com\/index.php?rest_route=\/wp\/v2\/posts\/49297","targetHints":{"allow":["GET"]}}],"collection":[{"href":"https:\/\/dekkbi.com\/index.php?rest_route=\/wp\/v2\/posts"}],"about":[{"href":"https:\/\/dekkbi.com\/index.php?rest_route=\/wp\/v2\/types\/post"}],"author":[{"embeddable":true,"href":"https:\/\/dekkbi.com\/index.php?rest_route=\/wp\/v2\/users\/1"}],"replies":[{"embeddable":true,"href":"https:\/\/dekkbi.com\/index.php?rest_route=%2Fwp%2Fv2%2Fcomments&post=49297"}],"version-history":[{"count":4,"href":"https:\/\/dekkbi.com\/index.php?rest_route=\/wp\/v2\/posts\/49297\/revisions"}],"predecessor-version":[{"id":49304,"href":"https:\/\/dekkbi.com\/index.php?rest_route=\/wp\/v2\/posts\/49297\/revisions\/49304"}],"wp:featuredmedia":[{"embeddable":true,"href":"https:\/\/dekkbi.com\/index.php?rest_route=\/wp\/v2\/media\/49298"}],"wp:attachment":[{"href":"https:\/\/dekkbi.com\/index.php?rest_route=%2Fwp%2Fv2%2Fmedia&parent=49297"}],"wp:term":[{"taxonomy":"category","embeddable":true,"href":"https:\/\/dekkbi.com\/index.php?rest_route=%2Fwp%2Fv2%2Fcategories&post=49297"},{"taxonomy":"post_tag","embeddable":true,"href":"https:\/\/dekkbi.com\/index.php?rest_route=%2Fwp%2Fv2%2Ftags&post=49297"}],"curies":[{"name":"wp","href":"https:\/\/api.w.org\/{rel}","templated":true}]}}