{"id":49280,"date":"2024-12-24T09:43:07","date_gmt":"2024-12-24T09:43:07","guid":{"rendered":"https:\/\/dekkbi.com\/?p=49280"},"modified":"2024-12-24T10:49:58","modified_gmt":"2024-12-24T10:49:58","slug":"incendie-a-lhypermarche-exclusive-de-yoff-aucune-perte-en-vie-humaine-des-degats-materiels-considerables-pompiers","status":"publish","type":"post","link":"https:\/\/dekkbi.com\/?p=49280","title":{"rendered":"Incendie \u2018\u2019Exclusive\u2019\u2019 Yoff: aucune perte en vie humaine, des d\u00e9g\u00e2ts mat\u00e9riels \u2018\u2019consid\u00e9rables\u2019\u2019"},"content":{"rendered":"\n<p>Dakar,  (APS) \u2013 Le commandant du premier Groupement d\u2019incendie et de secours des sapeurs-pompiers, le colonel Sada Dia a assur\u00e9 qu\u2019aucune perte en vie humaine n\u2019a \u00e9t\u00e9 d\u00e9plor\u00e9e dans l\u2019incendie qui s\u2019est d\u00e9clar\u00e9, dans la nuit de dimanche \u00e0 lundi, dans l\u2019hypermarch\u00e9 \u2018\u2019Exclusive\u2019\u2019 de Yoff, \u00e0 Dakar, causant des d\u00e9g\u00e2ts mat\u00e9riels \u2018\u2019consid\u00e9rables\u2019\u2019 dont l\u2019ampleur n\u2019est pas encore connue.<\/p>\n\n\n\n<p>\u2018\u2019Heureusement, aucune perte en vie humaine n\u2019est \u00e0 d\u00e9plorer, mais les d\u00e9g\u00e2ts mat\u00e9riels sont consid\u00e9rables&nbsp;\u00bb, a d\u00e9clar\u00e9 le colonel Sada Dia, ajoutant qu\u2019une enqu\u00eate a \u00e9t\u00e9 ouverte par la gendarmerie, pr\u00e9sente sur les lieux.<\/p>\n\n\n\n<p>Il s\u2019exprimait, lundi, en fin d\u2019apr\u00e8s-midi, au cours d\u2019un point de presse, apr\u00e8s l\u2019intervention de ses \u00e9quipes pour ma\u00eetriser le feu.<\/p>\n\n\n\n<p>\u2018\u2019Nous avons \u00e9t\u00e9 alert\u00e9s \u00e0 1 heure 48 minutes et, dix minutes, nous sommes arriv\u00e9s sur les lieux. Mais le feu, d\u00e9j\u00e0 bien \u00e9tabli au premier \u00e9tage, n\u00e9cessitait une intervention massive\u2019\u2019, a fait savoir le colonel Dia.<\/p>\n\n\n\n<p>Pour venir \u00e0 bout de cet incendie, dans \u2018\u2019un endroit particuli\u00e8rement difficile en raison des conditions d\u2019acc\u00e8s et de stockage, ainsi que de la diversit\u00e9 des produits pr\u00e9sents&nbsp;\u00bb, un important dispositif a \u00e9t\u00e9 d\u00e9ploy\u00e9 par les sapeurs-pompiers.<\/p>\n\n\n\n<p>\u2018\u2019Face \u00e0 l\u2019ampleur du sinistre, 98 grad\u00e9s et sapeurs, dont 10 officiers, ont \u00e9t\u00e9 mobilis\u00e9s, appuy\u00e9s par 28 engins d\u2019intervention. Apr\u00e8s 13 heures d\u2019efforts soutenus, les soldats du feu ont r\u00e9ussi \u00e0 ma\u00eetriser l\u2019incendie\u2019\u2019, a assur\u00e9 le commandant du Groupement d\u2019incendie et de secours.<\/p>\n\n\n\n<p><\/p>\n","protected":false},"excerpt":{"rendered":"<p>Dakar, (APS) \u2013 Le commandant du premier Groupement d\u2019incendie et de secours des sapeurs-pompiers, le colonel Sada Dia a assur\u00e9<\/p>\n","protected":false},"author":1,"featured_media":49281,"comment_status":"open","ping_status":"open","sticky":false,"template":"","format":"standard","meta":{"footnotes":""},"categories":[26],"tags":[],"class_list":["post-49280","post","type-post","status-publish","format-standard","has-post-thumbnail","hentry","category-fait-divers"],"_links":{"self":[{"href":"https:\/\/dekkbi.com\/index.php?rest_route=\/wp\/v2\/posts\/49280","targetHints":{"allow":["GET"]}}],"collection":[{"href":"https:\/\/dekkbi.com\/index.php?rest_route=\/wp\/v2\/posts"}],"about":[{"href":"https:\/\/dekkbi.com\/index.php?rest_route=\/wp\/v2\/types\/post"}],"author":[{"embeddable":true,"href":"https:\/\/dekkbi.com\/index.php?rest_route=\/wp\/v2\/users\/1"}],"replies":[{"embeddable":true,"href":"https:\/\/dekkbi.com\/index.php?rest_route=%2Fwp%2Fv2%2Fcomments&post=49280"}],"version-history":[{"count":2,"href":"https:\/\/dekkbi.com\/index.php?rest_route=\/wp\/v2\/posts\/49280\/revisions"}],"predecessor-version":[{"id":49338,"href":"https:\/\/dekkbi.com\/index.php?rest_route=\/wp\/v2\/posts\/49280\/revisions\/49338"}],"wp:featuredmedia":[{"embeddable":true,"href":"https:\/\/dekkbi.com\/index.php?rest_route=\/wp\/v2\/media\/49281"}],"wp:attachment":[{"href":"https:\/\/dekkbi.com\/index.php?rest_route=%2Fwp%2Fv2%2Fmedia&parent=49280"}],"wp:term":[{"taxonomy":"category","embeddable":true,"href":"https:\/\/dekkbi.com\/index.php?rest_route=%2Fwp%2Fv2%2Fcategories&post=49280"},{"taxonomy":"post_tag","embeddable":true,"href":"https:\/\/dekkbi.com\/index.php?rest_route=%2Fwp%2Fv2%2Ftags&post=49280"}],"curies":[{"name":"wp","href":"https:\/\/api.w.org\/{rel}","templated":true}]}}