{"id":49277,"date":"2024-12-24T09:32:15","date_gmt":"2024-12-24T09:32:15","guid":{"rendered":"https:\/\/dekkbi.com\/?p=49277"},"modified":"2024-12-24T09:32:15","modified_gmt":"2024-12-24T09:32:15","slug":"ag-de-la-chambre-de-commerce-apres-demain-un-jeudi-de-gueule-de-bois","status":"publish","type":"post","link":"https:\/\/dekkbi.com\/?p=49277","title":{"rendered":"Ag de la Chambre de commerce apr\u00e8s-demain: Un jeudi de gueule de bois"},"content":{"rendered":"\n<p><strong>Les comptes pr\u00e9sent\u00e9s par le pr\u00e9sident de la Cciad sont contest\u00e9s par certains membres, qui n\u2019entendent pas adopter de nouveau budget avant d\u2019y voir plus clair, d\u2019autant que le rapport du Commissaire aux comptes n\u2019est pas positif. En filigrane, les ennuis judiciaires de M. Sow risquent aussi d\u2019\u00eatre \u00e9voqu\u00e9s.<\/strong><\/p>\n\n\n\n<p>Apr\u00e8s-demain jeudi 26 d\u00e9cembre, la Chambre de commerce, d\u2019industrie et d\u2019agriculture de Dakar (Cciad) risque de conna\u00eetre une Assembl\u00e9e g\u00e9n\u00e9rale tr\u00e8s mouvement\u00e9e. Le pr\u00e9sident Abdoulaye Sow a convoqu\u00e9 tous les membres titulaires et suppl\u00e9ants pour, entre autres, adopter les comptes d\u00e9finitifs des exercices 2020, 2021 et 2022, avant l\u2019adoption du budget 2025. Or, comme on le remarque, le rapport de l\u2019exercice 2023 est occult\u00e9 des documents \u00e0 adopter, sans compter d\u2019autres documents.<\/p>\n\n\n\n<p>Il y a \u00e9galement le fait que beaucoup de membres de la Cciad ont l\u2019intention de soulever la question du rapport du Commissaire aux comptes, notamment concernant les p\u00e9riodes 2020, 2021 et 2022, que le pr\u00e9sident voudrait voir adopter par l\u2019Ag. Beaucoup des membres n\u2019ont pas l\u2019intention d\u2019adopter de nouveau budget si les comptes ant\u00e9rieurs ne sont pas apur\u00e9s. Ils notent que le Commissaire aux comptes \u00e9met, depuis plusieurs ann\u00e9es, des r\u00e9serves sur les comptes de la Chambre consulaire, sans que cela ne semble porter \u00e0 cons\u00e9quence pour les responsables.<\/p>\n\n\n\n<p>Pour les exercices \u00e9coul\u00e9s \u00e9galement, les \u00e9tats financiers ont \u00e9t\u00e9 certifi\u00e9s avec des r\u00e9serves par le Commissaire aux comptes, et il n\u2019est pas question, pour les coll\u00e8gues de M. Abdoulaye Sow, de donner un quitus au pr\u00e9sident, sans explications. La d\u00e9fiance est telle que m\u00eame le vice-pr\u00e9sident de la Chambre, M. Abdel Kader Ndiaye, est all\u00e9 jusqu\u2019\u00e0 \u00e9crire que \u00ables actions prioritaires de gouvernance de l\u2019heure m\u00e9ritent d\u2019\u00eatre orient\u00e9es vers la lev\u00e9e dans les meilleurs d\u00e9lais, des r\u00e9serves du Commissaire au compte, avant toute autre \u00e9tape, pour pouvoir repartir sur une base de gestion saine. En toute d\u00e9marche norm\u00e9e, on ne peut pas parler de projections budg\u00e9taires sans avoir la situation fiable des comptes\u00bb.<\/p>\n\n\n\n<p>Cette Ag va sans doute aussi, m\u00eame en filigrane, aborder la question dont Le Quotidien a parl\u00e9 dans son \u00e9dition d\u2019hier, de la plainte adress\u00e9e \u00e0 M. Sow par certains membres de la Cciad, pour \u00abusurpation de fonction\u00bb. On en saura plus sans doute bient\u00f4t.<\/p>\n\n\n\n<p><strong>mgueye@lequotidien.sn<\/strong><\/p>\n","protected":false},"excerpt":{"rendered":"<p>Les comptes pr\u00e9sent\u00e9s par le pr\u00e9sident de la Cciad sont contest\u00e9s par certains membres, qui n\u2019entendent pas adopter de nouveau<\/p>\n","protected":false},"author":1,"featured_media":49278,"comment_status":"open","ping_status":"open","sticky":false,"template":"","format":"standard","meta":{"footnotes":""},"categories":[3],"tags":[],"class_list":["post-49277","post","type-post","status-publish","format-standard","has-post-thumbnail","hentry","category-event-more-news"],"_links":{"self":[{"href":"https:\/\/dekkbi.com\/index.php?rest_route=\/wp\/v2\/posts\/49277","targetHints":{"allow":["GET"]}}],"collection":[{"href":"https:\/\/dekkbi.com\/index.php?rest_route=\/wp\/v2\/posts"}],"about":[{"href":"https:\/\/dekkbi.com\/index.php?rest_route=\/wp\/v2\/types\/post"}],"author":[{"embeddable":true,"href":"https:\/\/dekkbi.com\/index.php?rest_route=\/wp\/v2\/users\/1"}],"replies":[{"embeddable":true,"href":"https:\/\/dekkbi.com\/index.php?rest_route=%2Fwp%2Fv2%2Fcomments&post=49277"}],"version-history":[{"count":1,"href":"https:\/\/dekkbi.com\/index.php?rest_route=\/wp\/v2\/posts\/49277\/revisions"}],"predecessor-version":[{"id":49279,"href":"https:\/\/dekkbi.com\/index.php?rest_route=\/wp\/v2\/posts\/49277\/revisions\/49279"}],"wp:featuredmedia":[{"embeddable":true,"href":"https:\/\/dekkbi.com\/index.php?rest_route=\/wp\/v2\/media\/49278"}],"wp:attachment":[{"href":"https:\/\/dekkbi.com\/index.php?rest_route=%2Fwp%2Fv2%2Fmedia&parent=49277"}],"wp:term":[{"taxonomy":"category","embeddable":true,"href":"https:\/\/dekkbi.com\/index.php?rest_route=%2Fwp%2Fv2%2Fcategories&post=49277"},{"taxonomy":"post_tag","embeddable":true,"href":"https:\/\/dekkbi.com\/index.php?rest_route=%2Fwp%2Fv2%2Ftags&post=49277"}],"curies":[{"name":"wp","href":"https:\/\/api.w.org\/{rel}","templated":true}]}}