{"id":49275,"date":"2024-12-24T09:26:06","date_gmt":"2024-12-24T09:26:06","guid":{"rendered":"https:\/\/dekkbi.com\/?p=49275"},"modified":"2024-12-24T10:07:18","modified_gmt":"2024-12-24T10:07:18","slug":"certification-des-finances-publiques-la-cour-des-comptes-publie-son-rapport-le-31-decembre","status":"publish","type":"post","link":"https:\/\/dekkbi.com\/?p=49275","title":{"rendered":"Certification des Finances publiques : LA COUR DES COMPTES PUBLIE SON RAPPORT LE 31 D\u00c9CEMBRE 2024"},"content":{"rendered":"\n<p><strong>La publication du Rapport sur l\u2019ex\u00e9cution des lois de finances (Relf) 2023, qui sera rendu public le 31 d\u00e9cembre, marquera un tournant majeur pour le r\u00e9gime actuel apr\u00e8s les accusations de falsification des comptes publics du r\u00e9gime de Macky Sall prononc\u00e9es par le Premier ministre. S\u2019il devait \u00eatre publi\u00e9 aujourd\u2019hui par la Cour des comptes, le 31 d\u00e9cembre a \u00e9t\u00e9 retenu sur demande du gouvernement pour \u00e9viter que son contenu \u00abne pollue\u00bb la Dpg pr\u00e9vue le 27 d\u00e9cembre prochain.<\/strong><\/p>\n\n\n\n<p>La v\u00e9rit\u00e9 se saura le 31 d\u00e9cembre prochain. Apr\u00e8s les r\u00e9v\u00e9lations fracassantes de M. Ousmane Sonko sur la falsification des comptes publics par l\u2019ancien r\u00e9gime, la Cour des comptes va publier le rapport de certification\u2026 des comptes publics le jour du R\u00e9veillon. Alors qu\u2019il devait \u00eatre publi\u00e9 aujourd\u2019hui. Mais, elle a accept\u00e9 le report, suite \u00e0 une demande du gouvernement, par courtoisie. Il ne voudrait pas, selon ses explications, que son contenu ne \u00abpollue\u00bb la D\u00e9claration de politique g\u00e9n\u00e9rale du Premier ministre pr\u00e9vue le vendredi 27 d\u00e9cembre \u00e0 l\u2019Assembl\u00e9e nationale. C\u2019est une demande officieuse qui a \u00e9t\u00e9 ent\u00e9rin\u00e9e, m\u00eame si le d\u00e9lai courait jusqu\u2019\u00e0 ce 24 d\u00e9cembre. M\u00eame si certains ont longtemps pens\u00e9 que le document allait \u00eatre publi\u00e9 le 18 d\u00e9cembre, mais la Cour des comptes n\u2019a re\u00e7u la notification que le 24 octobre. C\u2019est cette date qui fait foi\u2026<\/p>\n\n\n\n<p>En tout cas, le gouvernement a eu la primeur du contenu du document que tout un pays piaffe d\u2019impatience de parcourir \u00e0 cause du poids des accusations du Premier ministre. Et des interlocuteurs se posent des questions : pourquoi demander que sa publication soit mise en sursis ou sous le coude pendant une semaine ? Qu\u2019est-ce qui motiverait de faire une Dpg avant de pouvoir exploiter ce qui devrait \u00eatre son axe principal ? Pourquoi polluerait-il la Dpg du chef du gouvernement qui s\u2019est personnellement impliqu\u00e9 dans l\u2019entreprise de destruction de l\u2019\u0153uvre du r\u00e9gime pr\u00e9c\u00e9dent accus\u00e9 d\u2019avoir \u00abmenti\u00bb au Peuple ? Les S\u00e9n\u00e9galais auront les r\u00e9ponses \u00e0 ces questions, qui vont valider ou invalider la th\u00e8se avanc\u00e9e par les autorit\u00e9s.<\/p>\n\n\n\n<p>Il faut rappeler que les magistrats de la Cour des comptes ont pass\u00e9 il y a quelques jours \u00e0 Saly pour mettre la derni\u00e8re main sur le Rapport sur l\u2019ex\u00e9cution des lois de finances (Relf) 2023 et la d\u00e9claration de conformit\u00e9 de la gestion 2023 conform\u00e9ment aux dispositions du Code de transparence dans la gestion des finances publiques. Apr\u00e8s qu\u2019elle a mis en ligne le rapport de 2022 depuis le 19 juin dernier. <\/p>\n\n\n\n<p>C\u2019est le 26 septembre que le Premier ministre a mis les pieds dans le plat lors d\u2019une conf\u00e9rence de presse historique sur \u00abl\u2019\u00e9tat des lieux de la gouvernance\u00bb du pr\u00e9c\u00e9dent r\u00e9gime. \u00abLe r\u00e9gime du Pr\u00e9sident Macky Sall a menti au Peuple et aux partenaires en falsifiant les chiffres pour donner une image \u00e9conomique qui n\u2019a rien \u00e0 voir avec la r\u00e9alit\u00e9\u00bb, avait-il affich\u00e9. Ce jour-l\u00e0, entour\u00e9 des ministres de la Justice, de l\u2019Economie et du ministre Secr\u00e9taire g\u00e9n\u00e9ral du gouvernement, voix grave, il avait mis en lumi\u00e8re l\u2019immensit\u00e9 du \u00abcarnage financier\u00bb de leurs pr\u00e9d\u00e9cesseurs. Il se justifiait ainsi : \u00abNous avons l\u2019obligation de dresser l\u2019\u00e9tat des lieux de la situation h\u00e9rit\u00e9e par notre r\u00e9gime. Le Pr\u00e9sident Bassirou Diomaye Faye avait promis, en pr\u00eatant serment le 2 avril 2024, de s\u2019inscrire dans une logique de transparence, de redevabilit\u00e9 et de v\u00e9rit\u00e9 envers le Peuple souverain.\u00bb <\/p>\n\n\n\n<p>Dans la foul\u00e9e de ces annonces, l\u2019Agence de notation Moody\u2019s avait d\u00e9grad\u00e9 la note souveraine du S\u00e9n\u00e9gal, qui est pass\u00e9e de \u00abBa3\u00bb \u00e0 \u00abB1\u00bb au d\u00e9but du mois d\u2019octobre, accentuant ainsi les difficult\u00e9s d\u2019acc\u00e8s du pays aux financements internationaux. Ensuite, le programme du Fonds mon\u00e9taire international (Fmi) au S\u00e9n\u00e9gal a \u00e9t\u00e9 temporairement gel\u00e9 apr\u00e8s cet audit avec pour objectif d\u2019aboutir \u00e0 un nouveau programme, d\u2019ici le premier trimestre de l\u2019ann\u00e9e 2025. Et la fin de l\u2019ann\u00e9e 2024 s\u2019annonce-t-elle sur de beaux auspices\u00a0avec la publication du rapport\u00a0?<\/p>\n\n\n\n<p><strong>Par Bocar SAKHO \u2013\u00a0<\/strong> <strong>bsakho@lequotidien.sn<\/strong><\/p>\n","protected":false},"excerpt":{"rendered":"<p>La publication du Rapport sur l\u2019ex\u00e9cution des lois de finances (Relf) 2023, qui sera rendu public le 31 d\u00e9cembre, marquera<\/p>\n","protected":false},"author":1,"featured_media":33705,"comment_status":"open","ping_status":"open","sticky":false,"template":"","format":"standard","meta":{"footnotes":""},"categories":[3],"tags":[],"class_list":["post-49275","post","type-post","status-publish","format-standard","has-post-thumbnail","hentry","category-event-more-news"],"_links":{"self":[{"href":"https:\/\/dekkbi.com\/index.php?rest_route=\/wp\/v2\/posts\/49275","targetHints":{"allow":["GET"]}}],"collection":[{"href":"https:\/\/dekkbi.com\/index.php?rest_route=\/wp\/v2\/posts"}],"about":[{"href":"https:\/\/dekkbi.com\/index.php?rest_route=\/wp\/v2\/types\/post"}],"author":[{"embeddable":true,"href":"https:\/\/dekkbi.com\/index.php?rest_route=\/wp\/v2\/users\/1"}],"replies":[{"embeddable":true,"href":"https:\/\/dekkbi.com\/index.php?rest_route=%2Fwp%2Fv2%2Fcomments&post=49275"}],"version-history":[{"count":2,"href":"https:\/\/dekkbi.com\/index.php?rest_route=\/wp\/v2\/posts\/49275\/revisions"}],"predecessor-version":[{"id":49305,"href":"https:\/\/dekkbi.com\/index.php?rest_route=\/wp\/v2\/posts\/49275\/revisions\/49305"}],"wp:featuredmedia":[{"embeddable":true,"href":"https:\/\/dekkbi.com\/index.php?rest_route=\/wp\/v2\/media\/33705"}],"wp:attachment":[{"href":"https:\/\/dekkbi.com\/index.php?rest_route=%2Fwp%2Fv2%2Fmedia&parent=49275"}],"wp:term":[{"taxonomy":"category","embeddable":true,"href":"https:\/\/dekkbi.com\/index.php?rest_route=%2Fwp%2Fv2%2Fcategories&post=49275"},{"taxonomy":"post_tag","embeddable":true,"href":"https:\/\/dekkbi.com\/index.php?rest_route=%2Fwp%2Fv2%2Ftags&post=49275"}],"curies":[{"name":"wp","href":"https:\/\/api.w.org\/{rel}","templated":true}]}}