{"id":49265,"date":"2024-12-23T12:04:49","date_gmt":"2024-12-23T12:04:49","guid":{"rendered":"https:\/\/dekkbi.com\/?p=49265"},"modified":"2024-12-23T12:04:49","modified_gmt":"2024-12-23T12:04:49","slug":"allemagne-apres-lattaque-de-magdebourg-linaction-des-autorites-fait-polemique-en-pleine-campagne-electorale","status":"publish","type":"post","link":"https:\/\/dekkbi.com\/?p=49265","title":{"rendered":"Allemagne: apr\u00e8s l&rsquo;attaque de Magdebourg, l&rsquo;inaction des autorit\u00e9s fait pol\u00e9mique en pleine campagne \u00e9lectorale"},"content":{"rendered":"\n<p>L&rsquo;attaque \u00e0 la voiture b\u00e9lier sur le march\u00e9 de No\u00ebl de Magdebourg en Allemagne vendredi 20 d\u00e9cembre aura des cons\u00e9quences pour la campagne \u00e9lectorale, des l\u00e9gislatives anticip\u00e9es \u00e9tant pr\u00e9vues pour le 23 f\u00e9vrier. Le gouvernement du chancelier Olaf Scholz \u00e9tait sur place samedi et les pol\u00e9miques sur des erreurs \u00e9ventuelles des autorit\u00e9s sur l&rsquo;auteur de l&rsquo;attaque, dont la dangerosit\u00e9 aurait \u00e9t\u00e9 sous-estim\u00e9e, tombent tr\u00e8s mal. L&rsquo;extr\u00eame-droite esp\u00e8re en revanche tirer profit de cette trag\u00e9die.<\/p>\n\n\n\n<p><em>Avec notre correspondant \u00e0 Berlin,<\/em>\u00a0<strong>Pascal Thibaut<\/strong> &#8211; RFI<\/p>\n\n\n\n<p>\u00ab\u00a0<em>Pourquoi\u00a0?<\/em>\u00a0\u00bb\u00a0: dans un \u00e9ditorial ce dimanche 22 d\u00e9cembre,\u00a0<strong>le journal\u00a0<em>Bild am Sonntag<\/em><\/strong>\u00a0s\u2019interrogeait pourquoi les autorit\u00e9s allemandes n\u2019ont pas r\u00e9agi \u00e0 temps. Et ce alors que l&rsquo;auteur de\u00a0<strong>l&rsquo;attaque<\/strong>\u00a0avait \u00e9t\u00e9 jug\u00e9 en 2013\u00a0: il avait notamment \u00e9t\u00e9 condamn\u00e9 \u00e0\u00a0une amende \u00e0 Rostock pour \u00ab\u00a0<em>troubles \u00e0 l&rsquo;ordre public<\/em>\u00a0\u00bb et \u00ab\u00a0<em>menaces de commettre des crimes<\/em>\u00a0\u00bb.<\/p>\n\n\n\n<p>Mais aussi que des informations en provenance d&rsquo;Arabie saoudite \u00e9taient arriv\u00e9es l&rsquo;ann\u00e9e derni\u00e8re et que ses nombreuses publications sur internet montraient qu&rsquo;il \u00e9tait frustr\u00e9 contre les autorit\u00e9s allemandes. Des \u00e9l\u00e9ments qui auraient pu conduire \u00e0 des actes violents.<\/p>\n\n\n\n<p>Autant de questions auxquelles le gouvernement promet de r\u00e9pondre rapidement et de fa\u00e7on d\u00e9taill\u00e9e. La ministre de l\u2019Int\u00e9rieur et les responsables des services seront auditionn\u00e9s&nbsp;par une commission parlementaire&nbsp;dans une semaine, malgr\u00e9 les cong\u00e9s de fin d&rsquo;ann\u00e9e.<\/p>\n\n\n\n<p><strong>L\u2019attaque de Magdebourg<\/strong>\u00a0peut changer le cours de la campagne \u00e9lectorale alors que le chancelier Scholz et son parti en difficult\u00e9 ne d\u00e9collent pas dans les sondages. Les autres partis ne jettent pas d\u2019huile sur le feu, conscients du c\u00f4t\u00e9 explosif de cette th\u00e9matique. Exception pour le parti d\u2019extr\u00eame-droite Alternative pour l\u2019Allemagne (AfD) \u00e0 20\u00a0%, en deuxi\u00e8me position dans les sondages. Ce parti ne peut d\u00e9noncer un criminel islamiste, alors que l\u2019auteur de l\u2019attaque avait exprim\u00e9 sa sympathie pour le parti. L\u2019AfD d\u00e9nonce en revanche le laxisme des autorit\u00e9s et leurs erreurs et a annonc\u00e9 une manifestation lundi 23 d\u00e9cembre \u00e0 Magdebourg.<\/p>\n\n\n\n<p><\/p>\n","protected":false},"excerpt":{"rendered":"<p>L&rsquo;attaque \u00e0 la voiture b\u00e9lier sur le march\u00e9 de No\u00ebl de Magdebourg en Allemagne vendredi 20 d\u00e9cembre aura des cons\u00e9quences<\/p>\n","protected":false},"author":1,"featured_media":49266,"comment_status":"open","ping_status":"open","sticky":false,"template":"","format":"standard","meta":{"footnotes":""},"categories":[51],"tags":[],"class_list":["post-49265","post","type-post","status-publish","format-standard","has-post-thumbnail","hentry","category-general"],"_links":{"self":[{"href":"https:\/\/dekkbi.com\/index.php?rest_route=\/wp\/v2\/posts\/49265","targetHints":{"allow":["GET"]}}],"collection":[{"href":"https:\/\/dekkbi.com\/index.php?rest_route=\/wp\/v2\/posts"}],"about":[{"href":"https:\/\/dekkbi.com\/index.php?rest_route=\/wp\/v2\/types\/post"}],"author":[{"embeddable":true,"href":"https:\/\/dekkbi.com\/index.php?rest_route=\/wp\/v2\/users\/1"}],"replies":[{"embeddable":true,"href":"https:\/\/dekkbi.com\/index.php?rest_route=%2Fwp%2Fv2%2Fcomments&post=49265"}],"version-history":[{"count":1,"href":"https:\/\/dekkbi.com\/index.php?rest_route=\/wp\/v2\/posts\/49265\/revisions"}],"predecessor-version":[{"id":49267,"href":"https:\/\/dekkbi.com\/index.php?rest_route=\/wp\/v2\/posts\/49265\/revisions\/49267"}],"wp:featuredmedia":[{"embeddable":true,"href":"https:\/\/dekkbi.com\/index.php?rest_route=\/wp\/v2\/media\/49266"}],"wp:attachment":[{"href":"https:\/\/dekkbi.com\/index.php?rest_route=%2Fwp%2Fv2%2Fmedia&parent=49265"}],"wp:term":[{"taxonomy":"category","embeddable":true,"href":"https:\/\/dekkbi.com\/index.php?rest_route=%2Fwp%2Fv2%2Fcategories&post=49265"},{"taxonomy":"post_tag","embeddable":true,"href":"https:\/\/dekkbi.com\/index.php?rest_route=%2Fwp%2Fv2%2Ftags&post=49265"}],"curies":[{"name":"wp","href":"https:\/\/api.w.org\/{rel}","templated":true}]}}