{"id":49209,"date":"2024-12-23T10:23:22","date_gmt":"2024-12-23T10:23:22","guid":{"rendered":"https:\/\/dekkbi.com\/?p=49209"},"modified":"2024-12-23T10:23:22","modified_gmt":"2024-12-23T10:23:22","slug":"laes-rejette-les-decisions-de-la-cedeao","status":"publish","type":"post","link":"https:\/\/dekkbi.com\/?p=49209","title":{"rendered":"L\u2019AES rejette les d\u00e9cisions de la C\u00e9d\u00e9ao"},"content":{"rendered":"\n<p><strong>Les tensions entre la C\u00e9d\u00e9ao et l\u2019Alliance des \u00c9tats du Sahel (AES) se sont intensifi\u00e9es apr\u00e8s la d\u00e9cision de la C\u00e9d\u00e9ao de prolonger de six mois le retrait des trois pays membres de l\u2019AES, une mesure vivement critiqu\u00e9e par cette derni\u00e8re comme visant \u00e0 freiner sa souverainet\u00e9.<\/strong><\/p>\n\n\n\n<p>La tension reste vive entre l\u2019Alliance des \u00c9tats du Sahel (AES) et la Communaut\u00e9 \u00e9conomique des \u00c9tats de l\u2019Afrique de l\u2019Ouest (C\u00e9d\u00e9ao). Les chefs d\u2019\u00c9tat de l\u2019AES ont fustig\u00e9, dimanche, la d\u00e9cision de la C\u00e9d\u00e9ao de proroger de six mois le retrait des trois pays de l\u2019organisation. Qualifi\u00e9e d\u2019\u00ab&nbsp;<em>unilat\u00e9rale<\/em>&nbsp;\u00bb, cette mesure est per\u00e7ue par les dirigeants de l\u2019AES comme une tentative de freiner leur d\u00e9marche souverainiste tout en permettant la poursuite de plans d\u00e9stabilisateurs \u00e0 leur encontre.<\/p>\n\n\n\n<p>Lors de leur 66e session ordinaire \u00e0 Abuja, les chefs d\u2019\u00c9tat de la C\u00e9d\u00e9ao ont pris acte de ce retrait et accord\u00e9 un d\u00e9lai suppl\u00e9mentaire de six mois pour tenter de revenir sur cette d\u00e9cision. Les pr\u00e9sidents du S\u00e9n\u00e9gal, Bassirou Diomaye Faye, et du Togo, Faure Gnassingb\u00e9, ont \u00e9t\u00e9 charg\u00e9s de mener des discussions pour une r\u00e9int\u00e9gration \u00e9ventuelle des trois pays au sein de l\u2019organisation r\u00e9gionale.<\/p>\n\n\n\n<p>Les dirigeants de l\u2019AES ont \u00e9galement affirm\u00e9 avoir pris de nouvelles mesures pour faire face aux menaces s\u00e9curitaires croissantes dans leur espace.<\/p>\n\n\n\n<p>Dans une d\u00e9claration sign\u00e9e par le G\u00e9n\u00e9ral Assimi Go\u00efta, pr\u00e9sident en exercice de l\u2019AES, les chefs d\u2019\u00c9tat d\u00e9noncent des actions de d\u00e9stabilisation attribu\u00e9es \u00e0 des puissances \u00e9trang\u00e8res, notamment la France, et soutenues par certains acteurs de la sous-r\u00e9gion.<\/p>\n\n\n\n<p>En r\u00e9ponse \u00e0 ces menaces, l\u2019AES a annonc\u00e9 plusieurs mesures : les forces de d\u00e9fense et de s\u00e9curit\u00e9 des trois pays membres seront plac\u00e9es en \u00e9tat d\u2019alerte maximale, l\u2019espace conf\u00e9d\u00e9ral de l\u2019AES sera d\u00e9sign\u00e9 comme un \u00ab&nbsp;<em>th\u00e9\u00e2tre unique d\u2019op\u00e9rations militaires \u00bb&nbsp;<\/em>pour renforcer la coordination des actions de d\u00e9fense, et les populations des trois \u00c9tats sont invit\u00e9es \u00e0 signaler tout comportement suspect et \u00e0 rejeter toute tentative d\u2019enr\u00f4lement dans les groupes terroristes.<\/p>\n\n\n\n<p>Les dirigeants de l\u2019AES ont aussi exprim\u00e9 des inqui\u00e9tudes concernant la r\u00e9organisation de groupes terroristes op\u00e9rant dans le Bassin du Lac Tchad et dans des zones frontali\u00e8res sensibles, notamment les corridors Niger-Nigeria, Niger-B\u00e9nin et Niger-Burkina Faso. Ils affirment que ces groupes b\u00e9n\u00e9ficient du soutien financier et logistique de puissances \u00e9trang\u00e8res.<\/p>\n\n\n\n<p>Cette d\u00e9claration intervient dans un contexte de tensions diplomatiques entre le Niger et le Nig\u00e9ria. Le 18 d\u00e9cembre, le ministre nig\u00e9rien des Affaires \u00e9trang\u00e8res, Bakary Yaou Sangar\u00e9, a convoqu\u00e9 la charg\u00e9e d\u2019affaires nig\u00e9riane \u00e0 Niamey pour d\u00e9noncer des actes de d\u00e9stabilisation pr\u00e9sum\u00e9s, dont des attaques contre le pipeline Niger-B\u00e9nin et la cr\u00e9ation de camps militaires pr\u00e8s de la fronti\u00e8re. Ces accusations ont \u00e9t\u00e9 rejet\u00e9es par les autorit\u00e9s nig\u00e9rianes.<\/p>\n\n\n\n<p>Dans ce climat de tensions r\u00e9gionales, le Coll\u00e8ge des Chefs d\u2019\u00c9tat de l\u2019AES a r\u00e9affirm\u00e9 son engagement \u00e0 d\u00e9fendre la souverainet\u00e9 et la dignit\u00e9 des peuples de la Conf\u00e9d\u00e9ration, appelant \u00e0 une mobilisation g\u00e9n\u00e9rale pour pr\u00e9server l\u2019int\u00e9grit\u00e9 territoriale de leurs \u00c9tats et d\u00e9non\u00e7ant les pratiques n\u00e9ocoloniales d\u00e9guis\u00e9es sous des initiatives militaires.<\/p>\n\n\n\n<p>SOURCE APA<\/p>\n","protected":false},"excerpt":{"rendered":"<p>Les tensions entre la C\u00e9d\u00e9ao et l\u2019Alliance des \u00c9tats du Sahel (AES) se sont intensifi\u00e9es apr\u00e8s la d\u00e9cision de la<\/p>\n","protected":false},"author":1,"featured_media":30732,"comment_status":"open","ping_status":"open","sticky":false,"template":"","format":"standard","meta":{"footnotes":""},"categories":[6],"tags":[],"class_list":["post-49209","post","type-post","status-publish","format-standard","has-post-thumbnail","hentry","category-politics"],"_links":{"self":[{"href":"https:\/\/dekkbi.com\/index.php?rest_route=\/wp\/v2\/posts\/49209","targetHints":{"allow":["GET"]}}],"collection":[{"href":"https:\/\/dekkbi.com\/index.php?rest_route=\/wp\/v2\/posts"}],"about":[{"href":"https:\/\/dekkbi.com\/index.php?rest_route=\/wp\/v2\/types\/post"}],"author":[{"embeddable":true,"href":"https:\/\/dekkbi.com\/index.php?rest_route=\/wp\/v2\/users\/1"}],"replies":[{"embeddable":true,"href":"https:\/\/dekkbi.com\/index.php?rest_route=%2Fwp%2Fv2%2Fcomments&post=49209"}],"version-history":[{"count":1,"href":"https:\/\/dekkbi.com\/index.php?rest_route=\/wp\/v2\/posts\/49209\/revisions"}],"predecessor-version":[{"id":49210,"href":"https:\/\/dekkbi.com\/index.php?rest_route=\/wp\/v2\/posts\/49209\/revisions\/49210"}],"wp:featuredmedia":[{"embeddable":true,"href":"https:\/\/dekkbi.com\/index.php?rest_route=\/wp\/v2\/media\/30732"}],"wp:attachment":[{"href":"https:\/\/dekkbi.com\/index.php?rest_route=%2Fwp%2Fv2%2Fmedia&parent=49209"}],"wp:term":[{"taxonomy":"category","embeddable":true,"href":"https:\/\/dekkbi.com\/index.php?rest_route=%2Fwp%2Fv2%2Fcategories&post=49209"},{"taxonomy":"post_tag","embeddable":true,"href":"https:\/\/dekkbi.com\/index.php?rest_route=%2Fwp%2Fv2%2Ftags&post=49209"}],"curies":[{"name":"wp","href":"https:\/\/api.w.org\/{rel}","templated":true}]}}