{"id":49166,"date":"2024-12-20T12:27:25","date_gmt":"2024-12-20T12:27:25","guid":{"rendered":"https:\/\/dekkbi.com\/?p=49166"},"modified":"2024-12-20T12:27:26","modified_gmt":"2024-12-20T12:27:26","slug":"equipe-nationale-omar-daf-nie-tout-contact-avec-la-federation-senegalaise","status":"publish","type":"post","link":"https:\/\/dekkbi.com\/?p=49166","title":{"rendered":"Equipe Nationale: Omar Daf nie tout contact avec la F\u00e9d\u00e9ration s\u00e9n\u00e9galaise"},"content":{"rendered":"\n<p>Envoy\u00e9 par certaines rumeurs sur le banc des Lions pour succ\u00e9der \u00e0 Aliou Ciss\u00e9, Omar Daf a mis quelques points sur les i. M\u00eame s\u2019il ne s\u2019est pas montr\u00e9 insensible \u00e0 l\u2019id\u00e9e, l\u2019entra\u00eeneur d\u2019Amiens nie tout contact avec la F\u00e9d\u00e9ration.<\/p>\n\n\n\n<p>Sauf retournement de situation, Omar Daf finira la saison sur le banc de l\u2019Amiens Sporting Club, en Ligue 2 fran\u00e7aise. Apr\u00e8s notamment des aventures \u00e0 Sochaux et Dijon, le technicien de 47 ans aurait pourtant pu suivre un autre chemin dans sa carri\u00e8re, lui qui \u00e9tait parmi les pr\u00e9tendants pour succ\u00e9der \u00e0 Aliou Ciss\u00e9 \u00e0 la t\u00eate de l\u2019Equipe Nationale du S\u00e9n\u00e9gal, d\u00e9sormais sous la houlette de Pape Bouna Thiaw. Ouvert \u00e0 l\u2019id\u00e9e, l\u2019ancien international s\u00e9n\u00e9galais est revenu sur ces rumeurs, niant des contacts avec la F\u00e9d\u00e9ration s\u00e9n\u00e9galaise.<\/p>\n\n\n\n<p><em>\u00ab Si j\u2019\u00e9tais int\u00e9ress\u00e9 par le poste de la s\u00e9lection du S\u00e9n\u00e9gal ? \u00c9videmment. Quand on est entra\u00eeneur et s\u00e9n\u00e9galais, c\u2019est un immense honneur d\u2019\u00eatre sollicit\u00e9 par son pays. J\u2019ai toujours dit que si le S\u00e9n\u00e9gal avait besoin de moi, je r\u00e9pondrais pr\u00e9sent sans h\u00e9siter. Cependant, je n<\/em><em>\u2019ai eu aucun contact de la F\u00e9d\u00e9ration. Je suis sous contrat avec un club, et c\u2019est \u00e0 la F\u00e9d\u00e9ration de faire les d\u00e9marches. Je n\u2019ai donc pas jug\u00e9 n\u00e9cessaire de me manifester. Depuis le d\u00e9part d\u2019Aliou Ciss\u00e9, je n\u2019ai \u00e9t\u00e9 contact\u00e9 par aucun membre de la FSF \u00bb<\/em>, a-t-il confi\u00e9 au m\u00e9dia&nbsp;<em>D Sports<\/em>.<\/p>\n\n\n\n<p><strong>\u00ab&nbsp;Certaines choses sont fausses&nbsp;\u00bb<\/strong><\/p>\n\n\n\n<p>Quant au fait de ne pas avoir manifest\u00e9 directement son d\u00e9sir pour les Lions, Daf, loin d\u2019\u00eatre d\u00e9\u00e7u par le choix port\u00e9 sur Thiaw, son ancien co\u00e9quipier de la s\u00e9lection, se dit n\u2019avoir \u00ab&nbsp;aucun regret&nbsp;\u00bb<em>. \u00ab Je suis un professionnel et je respecte les d\u00e9cisions de la F<\/em><em>\u00e9d\u00e9ration. Si j\u2019avais \u00e9t\u00e9 contact\u00e9 et que les d\u00e9marches avaient \u00e9t\u00e9 engag\u00e9es, on pourrait parler de d\u00e9ception. Mais ce n\u2019est pas le cas. Il y a eu beaucoup de choses dites, mais certaines sont fausses. Je n\u2019ai jamais \u00e9t\u00e9 contact\u00e9 pour ce poste. Ceux qui devaient prendre la d\u00e9cision connaissaient ma position. \u00bb<\/em><\/p>\n\n\n\n<p>Enfin, comme beaucoup de S\u00e9n\u00e9galais d\u2019ailleurs, l\u2019entra\u00eeneur de l\u2019ASC se dit \u00e9tonn\u00e9 par l\u2019\u00e9viction d\u2019Aliou Ciss\u00e9.<em>\u00a0\u00ab Le d\u00e9part d\u2019Aliou Ciss\u00e9 a \u00e9t\u00e9 une surprise. Il pr\u00e9parait activement les \u00e9liminatoires de la CAN et de la Coupe du Monde. Nous ne connaissons pas les raisons exactes de cette d\u00e9<\/em><em>cision, mais c\u2019est vrai que cela a surpris beaucoup de monde, y compris moi \u00bb<\/em>, a assur\u00e9 le quart de finaliste de la Coupe du Monde 2002 qui peut davantage se concentrer sur Amiens. Toujours engag\u00e9 en Coupe de France, le club picard est 8e de Ligue.<\/p>\n\n\n\n<p>WIWSPORT<\/p>\n","protected":false},"excerpt":{"rendered":"<p>Envoy\u00e9 par certaines rumeurs sur le banc des Lions pour succ\u00e9der \u00e0 Aliou Ciss\u00e9, Omar Daf a mis quelques points<\/p>\n","protected":false},"author":1,"featured_media":9774,"comment_status":"open","ping_status":"open","sticky":false,"template":"","format":"standard","meta":{"footnotes":""},"categories":[9],"tags":[],"class_list":["post-49166","post","type-post","status-publish","format-standard","has-post-thumbnail","hentry","category-sports"],"_links":{"self":[{"href":"https:\/\/dekkbi.com\/index.php?rest_route=\/wp\/v2\/posts\/49166","targetHints":{"allow":["GET"]}}],"collection":[{"href":"https:\/\/dekkbi.com\/index.php?rest_route=\/wp\/v2\/posts"}],"about":[{"href":"https:\/\/dekkbi.com\/index.php?rest_route=\/wp\/v2\/types\/post"}],"author":[{"embeddable":true,"href":"https:\/\/dekkbi.com\/index.php?rest_route=\/wp\/v2\/users\/1"}],"replies":[{"embeddable":true,"href":"https:\/\/dekkbi.com\/index.php?rest_route=%2Fwp%2Fv2%2Fcomments&post=49166"}],"version-history":[{"count":1,"href":"https:\/\/dekkbi.com\/index.php?rest_route=\/wp\/v2\/posts\/49166\/revisions"}],"predecessor-version":[{"id":49167,"href":"https:\/\/dekkbi.com\/index.php?rest_route=\/wp\/v2\/posts\/49166\/revisions\/49167"}],"wp:featuredmedia":[{"embeddable":true,"href":"https:\/\/dekkbi.com\/index.php?rest_route=\/wp\/v2\/media\/9774"}],"wp:attachment":[{"href":"https:\/\/dekkbi.com\/index.php?rest_route=%2Fwp%2Fv2%2Fmedia&parent=49166"}],"wp:term":[{"taxonomy":"category","embeddable":true,"href":"https:\/\/dekkbi.com\/index.php?rest_route=%2Fwp%2Fv2%2Fcategories&post=49166"},{"taxonomy":"post_tag","embeddable":true,"href":"https:\/\/dekkbi.com\/index.php?rest_route=%2Fwp%2Fv2%2Ftags&post=49166"}],"curies":[{"name":"wp","href":"https:\/\/api.w.org\/{rel}","templated":true}]}}