{"id":4911,"date":"2022-12-16T14:33:40","date_gmt":"2022-12-16T14:33:40","guid":{"rendered":"https:\/\/dekkbi.com\/?p=4911"},"modified":"2022-12-16T14:33:41","modified_gmt":"2022-12-16T14:33:41","slug":"flambee-des-prix-de-lenergie-lue-prepare-un-soutien-a-lindustrie-europeenne","status":"publish","type":"post","link":"https:\/\/dekkbi.com\/?p=4911","title":{"rendered":"Flamb\u00e9e des prix de l&rsquo;\u00e9nergie: l&rsquo;UE pr\u00e9pare un soutien \u00e0 l&rsquo;industrie europ\u00e9enne"},"content":{"rendered":"\n<h1 class=\"has-medium-font-size wp-block-heading\"><a href=\"https:\/\/www.addthis.com\/bookmark.php?v=300\"><\/a><a href=\"https:\/\/www.addthis.com\/bookmark.php?v=300\"><\/a><a rel=\"noreferrer noopener\" href=\"https:\/\/www.addthis.com\/bookmark.php?v=300\" target=\"_blank\"><\/a><a rel=\"noreferrer noopener\" href=\"https:\/\/www.addthis.com\/bookmark.php?v=300\" target=\"_blank\"><\/a>Les Vingt-Sept, r\u00e9unis en sommet \u00e0 Bruxelles, ont demand\u00e9 jeudi \u00e0 la Commission europ\u00e9enne de pr\u00e9parer d&rsquo;ici \u00e0 fin janvier des mesures de soutien \u00e0 l&rsquo;industrie de l&rsquo;UE menac\u00e9e par la crise \u00e9nerg\u00e9tique et la course aux subventions am\u00e9ricaines.<\/h1>\n\n\n\n<p>Les chefs d&rsquo;Etat et de gouvernement de l&rsquo;UE ont \u00ab\u00a0donn\u00e9 un mandat \u00e0 la Commission pour venir \u00e0 la fin du mois de janvier avec des propositions (&#8230;) pour soutenir la comp\u00e9titivit\u00e9 des entreprises europ\u00e9ennes\u00a0\u00bb, a annonc\u00e9 Charles Michel, le pr\u00e9sident du Conseil, institution qui repr\u00e9sente les Etats membres.<\/p>\n\n\n\n<p>Les Vingt-Sept tentent de trouver une r\u00e9ponse commune aux vives inqui\u00e9tudes des milieux industriels, inquiets du risque de d\u00e9crochage vis \u00e0 vis de l&rsquo;Asie et des Etats-Unis alors que le mod\u00e8le \u00e9conomique europ\u00e9en reposait notamment sur l&rsquo;\u00e9nergie bon march\u00e9 fournie par la Russie.<\/p>\n\n\n\n<p>La guerre et les sanctions ont d\u00e9finitivement d\u00e9truit cet avantage comp\u00e9titif. Moscou a r\u00e9duit de 80% ses livraisons de gaz par pipeline \u00e0 destination de l&rsquo;UE depuis le d\u00e9but de son offensive militaire en f\u00e9vrier.<\/p>\n\n\n\n<p>Si l&rsquo;approvisionnement europ\u00e9en est assur\u00e9 pour cet hiver, gr\u00e2ce notamment aux importations de gaz naturel liqu\u00e9fi\u00e9 achet\u00e9 \u00e0 d&rsquo;autres fournisseurs, son co\u00fbt a explos\u00e9, tout comme celui du p\u00e9trole et de l&rsquo;\u00e9lectricit\u00e9, au point de menacer la survie de secteurs entiers dans la chimie ou la sid\u00e9rurgie.<\/p>\n\n\n\n<p>La pression est accrue par le plan am\u00e9ricain adopt\u00e9 cet \u00e9t\u00e9 par Washington qui pr\u00e9voit 370 milliards de dollars d&rsquo;investissements en faveur de la lutte contre le changement climatique. Derri\u00e8re l&rsquo;objectif environnemental louable, il rev\u00eat un caract\u00e8re protectionniste, avec des aides exceptionnelles r\u00e9serv\u00e9es aux firmes implant\u00e9es outre-Atlantique, susceptibles de saper davantage la comp\u00e9titivit\u00e9 europ\u00e9enne.<\/p>\n\n\n\n<p>Sur ce dossier, des discussions techniques sont en cours entre Bruxelles et Washington, deux semaines apr\u00e8s que le pr\u00e9sident fran\u00e7ais Emmanuel Macron a r\u00e9clam\u00e9 des concessions au pr\u00e9sident am\u00e9ricain Joe Biden lors d&rsquo;un voyage aux Etats-Unis.<\/p>\n\n\n\n<p>&#8211; Dialogue avec Washington &#8211;<\/p>\n\n\n\n<p>\u00ab\u00a0Nous souhaitons dialoguer pour plaider des exemptions en faveur des entreprises europ\u00e9ennes\u00a0\u00bb, a soulign\u00e9 jeudi Charles Michel.<\/p>\n\n\n\n<p>Sans attendre un \u00e9ventuel infl\u00e9chissement de Washington, la pr\u00e9sidente de la Commission europ\u00e9enne Ursula von der Leyen a d\u00e9taill\u00e9 jeudi son plan de travail pour mettre sur pied son propre plan europ\u00e9en.<\/p>\n\n\n\n<p>\u00ab\u00a0Nous devons adapter nos r\u00e8gles en mati\u00e8re d&rsquo;aides d&rsquo;\u00c9tat pour les rendre plus simples, plus rapides\u00a0\u00bb, a-t-elle dit.<\/p>\n\n\n\n<p>La pr\u00e9sidente a \u00e9galement plaid\u00e9 pour augmenter les financements permettant d&rsquo;acc\u00e9l\u00e9rer la production d&rsquo;\u00e9nergie d\u00e9carbonn\u00e9e et la sobri\u00e9t\u00e9, afin de s&rsquo;affranchir des importations d&rsquo;hydrocarbure russe.<\/p>\n\n\n\n<p>Elle d\u00e9fend \u00e9galement l&rsquo;id\u00e9e d&rsquo;un \u00ab\u00a0fonds de souverainet\u00e9\u00a0\u00bb europ\u00e9en pour d\u00e9velopper une politique industrielle commune et investir davantage dans des projets de recherche et d&rsquo;innovation \u00e0 l&rsquo;\u00e9chelle du continent: hydrog\u00e8ne, semi-conducteurs, informatique quantique, intelligence artificielle&#8230;<\/p>\n\n\n\n<p>\u00ab\u00a0L&rsquo;effort macro\u00e9conomique am\u00e9ricain est d&rsquo;environ 2 points de PIB. Il nous faut faire un effort comparable\u00a0\u00bb, a r\u00e9clam\u00e9 Emmanuel Macron.<\/p>\n\n\n\n<p>&#8211; Eviter le cavalier seul &#8211;<\/p>\n\n\n\n<p>Les Europ\u00e9ens doivent s&rsquo;efforcer de rester unis, face \u00e0 la crise \u00e9conomique qui s&rsquo;abat sur eux. Apr\u00e8s la chute historique du PIB provoqu\u00e9e par la pand\u00e9mie de Covid en 2020, la flamb\u00e9e des prix de l&rsquo;\u00e9nergie va faire replonger l&rsquo;\u00e9conomie de l&rsquo;UE en r\u00e9cession cet hiver.<\/p>\n\n\n\n<p>Il s&rsquo;agit de veiller \u00e0 ce que les diff\u00e9rents pays membres ne se lancent pas dans une course aux subventions qui se ferait in\u00e9luctablement au d\u00e9triment des pays les moins riches. L&rsquo;annonce d&rsquo;un plan allemand \u00e0 200 milliards d&rsquo;euros avait fait pol\u00e9mique cet automne.<\/p>\n\n\n\n<p>\u00ab\u00a0On va devoir \u00eatre tr\u00e8s mobilis\u00e9s pour \u00e9viter la tentation de la fragmentation du march\u00e9 int\u00e9rieur, tous les \u00c9tats n&rsquo;ont pas les m\u00eames capacit\u00e9s\u00a0\u00bb, a averti Charles Michel.<\/p>\n\n\n\n<p>Sur tous ces dossiers \u00e9conomiques, les Vingt-Sept se sont accord\u00e9s pour se retrouver en sommet extraordinaire les 9 et 10 f\u00e9vrier prochain \u00e0 Bruxelles. Ils devraient alors pouvoir \u00ab\u00a0donner des orientations tr\u00e8s fortes inspir\u00e9es par les travaux de la Commission\u00a0\u00bb, a promis le pr\u00e9sident du Conseil.<\/p>\n\n\n\n<p>\u00ab\u00a0Les semaines qui viennent vont \u00eatre d\u00e9terminantes. Elles auront un impact pour les ann\u00e9es qui viennent sur la capacit\u00e9 de l&rsquo;UE \u00e0 rester une force politique et \u00e9conomique dominante au niveau international\u00a0\u00bb, a-t-il averti.<\/p>\n\n\n\n<p>Par Daniel ARONSSOHN<\/p>\n\n\n\n<p><a href=\"https:\/\/information.tv5monde.com\/auteur\/afp\">AFP<\/a><\/p>\n","protected":false},"excerpt":{"rendered":"<p>Les Vingt-Sept, r\u00e9unis en sommet \u00e0 Bruxelles, ont demand\u00e9 jeudi \u00e0 la Commission europ\u00e9enne de pr\u00e9parer d&rsquo;ici \u00e0 fin janvier<\/p>\n","protected":false},"author":1,"featured_media":4912,"comment_status":"open","ping_status":"open","sticky":false,"template":"","format":"standard","meta":{"footnotes":""},"categories":[3],"tags":[],"class_list":["post-4911","post","type-post","status-publish","format-standard","has-post-thumbnail","hentry","category-event-more-news"],"_links":{"self":[{"href":"https:\/\/dekkbi.com\/index.php?rest_route=\/wp\/v2\/posts\/4911","targetHints":{"allow":["GET"]}}],"collection":[{"href":"https:\/\/dekkbi.com\/index.php?rest_route=\/wp\/v2\/posts"}],"about":[{"href":"https:\/\/dekkbi.com\/index.php?rest_route=\/wp\/v2\/types\/post"}],"author":[{"embeddable":true,"href":"https:\/\/dekkbi.com\/index.php?rest_route=\/wp\/v2\/users\/1"}],"replies":[{"embeddable":true,"href":"https:\/\/dekkbi.com\/index.php?rest_route=%2Fwp%2Fv2%2Fcomments&post=4911"}],"version-history":[{"count":1,"href":"https:\/\/dekkbi.com\/index.php?rest_route=\/wp\/v2\/posts\/4911\/revisions"}],"predecessor-version":[{"id":4913,"href":"https:\/\/dekkbi.com\/index.php?rest_route=\/wp\/v2\/posts\/4911\/revisions\/4913"}],"wp:featuredmedia":[{"embeddable":true,"href":"https:\/\/dekkbi.com\/index.php?rest_route=\/wp\/v2\/media\/4912"}],"wp:attachment":[{"href":"https:\/\/dekkbi.com\/index.php?rest_route=%2Fwp%2Fv2%2Fmedia&parent=4911"}],"wp:term":[{"taxonomy":"category","embeddable":true,"href":"https:\/\/dekkbi.com\/index.php?rest_route=%2Fwp%2Fv2%2Fcategories&post=4911"},{"taxonomy":"post_tag","embeddable":true,"href":"https:\/\/dekkbi.com\/index.php?rest_route=%2Fwp%2Fv2%2Ftags&post=4911"}],"curies":[{"name":"wp","href":"https:\/\/api.w.org\/{rel}","templated":true}]}}