{"id":49109,"date":"2024-12-20T09:45:25","date_gmt":"2024-12-20T09:45:25","guid":{"rendered":"https:\/\/dekkbi.com\/?p=49109"},"modified":"2024-12-20T09:45:26","modified_gmt":"2024-12-20T09:45:26","slug":"mairie-de-dakar-apres-la-revocation-de-barth-ngone-mbengue-assure-linterim","status":"publish","type":"post","link":"https:\/\/dekkbi.com\/?p=49109","title":{"rendered":"Mairie de Dakar: apr\u00e8s la r\u00e9vocation de Barth, Ngon\u00e9 Mbengue assure l\u2019int\u00e9rim"},"content":{"rendered":"\n<p><a href=\"https:\/\/lesoleil.sn\/wp-content\/uploads\/2024\/12\/mairie-de-dakar-ngone-mbengue-devient-premier-adjoint-e1734629972993.jpg\"><\/a>Apr\u00e8s notification de sa \u00ab\u00a0d\u00e9mission\u00a0\u00bb par le Pr\u00e9fet de Dakar, Barth\u00e9l\u00e9my Dias n\u2019est plus le maire de la ville. Ainsi, la premi\u00e8re adjointe au maire, Ngon\u00e9 Mbengue va assurer l\u2019interim en attendant la venue d\u2019un nouveau maire pour la capitale.<\/p>\n\n\n\n<p>Mme Mbengue l\u2019a annonc\u00e9 sur la RFM ce jeudi 19 d\u00e9cembre. D\u2019ailleurs, elle compte \u00ab&nbsp;faire tout ce qui est en mon pouvoir pour continuer le travail. Et suivre l\u2019agenda que le maire avait laiss\u00e9 en me focalisant sur tout ce qui est prioritaire pour les dakarois&nbsp;\u00bb.<\/p>\n\n\n\n<p>L\u2019int\u00e9rim du maire est pris en compte par l\u2019article 137 de la Loi n\u00b0 2013-10 du 28 d\u00e9cembre 2013 portant Code g\u00e9n\u00e9ral des Collectivit\u00e9s territoriales. Il est pr\u00e9vue qu\u2019en cas \u00ab&nbsp;de d\u00e9c\u00e8s, de d\u00e9mission accept\u00e9e, de r\u00e9vocation, de suspension, d\u2019absence ou de tout autre emp\u00eachement d\u00fbment constat\u00e9 par le bureau, et sous r\u00e9serve des dispositions de l\u2019article 138 alin\u00e9a 2 du pr\u00e9sent code, le maire est provisoirement remplac\u00e9 par un adjoint dans l\u2019ordre de l\u2019\u00e9lection et, \u00e0 d\u00e9faut d\u2019adjoint, par un conseiller municipal pris dans l\u2019ordre du tableau. Dans ce dernier cas, le conseil municipal peut, dans les huit jours, d\u00e9signer un de ses membres pour assurer la suppl\u00e9ance&nbsp;\u00bb.<\/p>\n\n\n\n<p>Ngon\u00e9 Mbengue est membre du mouvement Taxawou S\u00e9n\u00e9gal. Elle a \u00e9t\u00e9 \u00e9lue premi\u00e8re adjointe au maire de la ville de Dakar, en remplacement de Abass Fall du parti Pastef en 2023. Cela s\u2019est fait suite \u00e0 la tenue d\u2019une nouvelle \u00e9lection des adjoints au maire de la ville de Dakar apr\u00e8s un arr\u00eat de la Cour supr\u00eame invalidant un pr\u00e9c\u00e9dent scrutin qui n\u2019avait pas respect\u00e9 la parit\u00e9.<\/p>\n","protected":false},"excerpt":{"rendered":"<p>Apr\u00e8s notification de sa \u00ab\u00a0d\u00e9mission\u00a0\u00bb par le Pr\u00e9fet de Dakar, Barth\u00e9l\u00e9my Dias n\u2019est plus le maire de la ville. Ainsi,<\/p>\n","protected":false},"author":1,"featured_media":49110,"comment_status":"open","ping_status":"open","sticky":false,"template":"","format":"standard","meta":{"footnotes":""},"categories":[6],"tags":[],"class_list":["post-49109","post","type-post","status-publish","format-standard","has-post-thumbnail","hentry","category-politics"],"_links":{"self":[{"href":"https:\/\/dekkbi.com\/index.php?rest_route=\/wp\/v2\/posts\/49109","targetHints":{"allow":["GET"]}}],"collection":[{"href":"https:\/\/dekkbi.com\/index.php?rest_route=\/wp\/v2\/posts"}],"about":[{"href":"https:\/\/dekkbi.com\/index.php?rest_route=\/wp\/v2\/types\/post"}],"author":[{"embeddable":true,"href":"https:\/\/dekkbi.com\/index.php?rest_route=\/wp\/v2\/users\/1"}],"replies":[{"embeddable":true,"href":"https:\/\/dekkbi.com\/index.php?rest_route=%2Fwp%2Fv2%2Fcomments&post=49109"}],"version-history":[{"count":1,"href":"https:\/\/dekkbi.com\/index.php?rest_route=\/wp\/v2\/posts\/49109\/revisions"}],"predecessor-version":[{"id":49111,"href":"https:\/\/dekkbi.com\/index.php?rest_route=\/wp\/v2\/posts\/49109\/revisions\/49111"}],"wp:featuredmedia":[{"embeddable":true,"href":"https:\/\/dekkbi.com\/index.php?rest_route=\/wp\/v2\/media\/49110"}],"wp:attachment":[{"href":"https:\/\/dekkbi.com\/index.php?rest_route=%2Fwp%2Fv2%2Fmedia&parent=49109"}],"wp:term":[{"taxonomy":"category","embeddable":true,"href":"https:\/\/dekkbi.com\/index.php?rest_route=%2Fwp%2Fv2%2Fcategories&post=49109"},{"taxonomy":"post_tag","embeddable":true,"href":"https:\/\/dekkbi.com\/index.php?rest_route=%2Fwp%2Fv2%2Ftags&post=49109"}],"curies":[{"name":"wp","href":"https:\/\/api.w.org\/{rel}","templated":true}]}}