{"id":49106,"date":"2024-12-20T09:42:20","date_gmt":"2024-12-20T09:42:20","guid":{"rendered":"https:\/\/dekkbi.com\/?p=49106"},"modified":"2024-12-20T09:47:11","modified_gmt":"2024-12-20T09:47:11","slug":"agro-industrie-tic-energies-renouvelables-entre-potentiel-et-defis-a-relever","status":"publish","type":"post","link":"https:\/\/dekkbi.com\/?p=49106","title":{"rendered":"Agro-industrie, TIC, Energies renouvelables: Entre potentiel et d\u00e9fis \u00e0 relever"},"content":{"rendered":"\n<p><a href=\"https:\/\/lesoleil.sn\/wp-content\/uploads\/2024\/12\/WhatsApp-Image-2024-12-19-at-21.57.02-2.jpeg\"><\/a><strong>Dans la d\u00e9l\u00e9gation du Premier ministre Ousmane Sonko, on note la pr\u00e9sence du directeur g\u00e9n\u00e9ral de l\u2019Agence pour la promotion des investissements et des grands travaux (Apix SA), S\u00e9ga Bathily. Ce dernier a, lors de l\u2019ouverture de la deuxi\u00e8me session du forum \u00e9conomique, commercial et d\u2019investissement, expos\u00e9 le potentiel du S\u00e9n\u00e9gal, mais \u00e9galement les d\u00e9fis actuels qui entravent l\u2019\u00e9conomie des deux \u00c9tats.<\/strong><\/p>\n\n\n\n<p>Le S\u00e9n\u00e9gal, qui a r\u00e9cemment int\u00e9gr\u00e9 le cercle des pays producteurs de p\u00e9trole, se trouve sur une bonne dynamique. Outre cette avanc\u00e9e, le pays de la \u00ab&nbsp;T\u00e9ranga&nbsp;\u00bb dispose de 4 millions d\u2019hectares de terres arables, soit pr\u00e8s de 20% de sa superficie, employant 70% de sa population active. De plus, le secteur des hydrocarbures au S\u00e9n\u00e9gal conna\u00eet une dynamique prometteuse, avec des productions p\u00e9troli\u00e8res et gazi\u00e8res effectives depuis fin 2023. Ces statistiques, partag\u00e9es hier \u00e0 Banjul par le directeur g\u00e9n\u00e9ral de l\u2019Apix, S\u00e9ga Bathily, montrent que le climat des affaires pourrait sensiblement conna\u00eetre une nette am\u00e9lioration dans l\u2019espace s\u00e9n\u00e9gambien.<\/p>\n\n\n\n<p>Cependant, le successeur d\u2019Abdoulaye Bald\u00e9 a r\u00e9v\u00e9l\u00e9 que les d\u00e9fis \u00e0 relever demeurent encore nombreux. \u00ab&nbsp;Depuis la premi\u00e8re \u00e9dition de ce forum, tenue \u00e0 Dakar en octobre 2023, des avanc\u00e9es significatives ont \u00e9t\u00e9 r\u00e9alis\u00e9es, avec notamment la signature d\u2019un protocole d\u2019entente entre Dakar Dem Dikk (S\u00e9n\u00e9gal) et la Gambia Transport Service Company, facilitant la circulation des personnes et des biens, ainsi que la mise en place d\u2019un partenariat strat\u00e9gique entre Apix SA et la Gambian Investment and Export Promotion Agency (GIEPA) visant \u00e0 promouvoir et faciliter les investissements bilat\u00e9raux&nbsp;\u00bb, a soulign\u00e9 M. Bathily.<\/p>\n\n\n\n<p>Cependant, le DG de l\u2019Apix SA a indiqu\u00e9 que malgr\u00e9 ces progr\u00e8s, des \u00ab&nbsp;d\u00e9fis subsistent pour la valorisation durable de nos ressources naturelles, une int\u00e9gration r\u00e9gionale accrue, et la structuration d\u2019un secteur priv\u00e9 dynamique et innovant&nbsp;\u00bb. Reconnaissant que la Gambie et le S\u00e9n\u00e9gal regorgent de ressources naturelles et humaines de qualit\u00e9, le directeur g\u00e9n\u00e9ral de l\u2019Apix SA a r\u00e9v\u00e9l\u00e9 que, tout comme le pays de la \u00ab&nbsp;T\u00e9ranga&nbsp;\u00bb, la Gambie dispose d\u2019un potentiel \u00ab&nbsp;tout aussi impressionnant, notamment dans les domaines de l\u2019agriculture, du tourisme et des services&nbsp;\u00bb. \u00c0 ce titre, M. Bathily a soutenu que la production d\u2019arachides, repr\u00e9sentant 30% du Produit Int\u00e9rieur Brut (PIB) de la Gambie et employant 70% de la population, \u00ab&nbsp;pourrait conduire nos gouvernements \u00e0 travailler sur une politique agricole commune sur ce sous-secteur afin d\u2019en tirer davantage profit sur les march\u00e9s national et international&nbsp;\u00bb.<\/p>\n\n\n\n<p>Tout comme le Premier ministre Ousmane Sonko, le DG de l\u2019Apix SA a appel\u00e9 \u00e0 unir \u00ab&nbsp;nos forces pour d\u00e9velopper des secteurs cl\u00e9s tels que l\u2019agriculture, l\u2019agro-industrie, les TIC et les \u00e9nergies renouvelables&nbsp;\u00bb. Mais, pour y arriver, a-t-il fait savoir, il a sugg\u00e9r\u00e9 de lever les obstacles existants, notamment la r\u00e9vision des taxes de transit et l\u2019harmonisation des proc\u00e9dures douani\u00e8res. Pr\u00e9sents \u00e0 Banjul, dans le cadre dudit forum, d\u2019\u00e9minents membres du secteur priv\u00e9 s\u00e9n\u00e9galais, dont Serigne Mboup, pr\u00e9sident de l\u2019Union nationale des chambres de m\u00e9tiers du S\u00e9n\u00e9gal, et Amadou Seck, DG d\u2019Eurogen, ont salu\u00e9 \u00e0 l\u2019unanimit\u00e9 le discours souverainiste du Premier ministre Ousmane Sonko. Pour eux, l\u2019int\u00e9gration \u00e9conomique des \u00c9tats passe n\u00e9cessairement par la cr\u00e9ation d\u2019un march\u00e9 commun.<\/p>\n\n\n\n<p><\/p>\n\n\n\n<p><strong>AGENDA DU PM \u00c0 BANJUL<\/strong><\/p>\n\n\n\n<p>Ce vendredi, dans la matin\u00e9e, en plus des activit\u00e9s li\u00e9es au forum, le Premier ministre Ousmane Sonko et le Vice-pr\u00e9sident de la R\u00e9publique islamique de Gambie, Muhammed B.S. Jallow, vont pr\u00e9sider la 5e session de la Commission consultative conjointe charg\u00e9e du suivi de la coop\u00e9ration entre les deux pays, avant d\u2019animer, peu avant 13 heures, une conf\u00e9rence de presse conjointe au Centre international de conf\u00e9rences Sir Dawda Kairaba Jawara.<\/p>\n\n\n\n<p><strong>G. DIATTA (Envoy\u00e9 sp\u00e9cial LE SOLEIL \u00e0 Banjul)<\/strong><\/p>\n","protected":false},"excerpt":{"rendered":"<p>Dans la d\u00e9l\u00e9gation du Premier ministre Ousmane Sonko, on note la pr\u00e9sence du directeur g\u00e9n\u00e9ral de l\u2019Agence pour la promotion<\/p>\n","protected":false},"author":1,"featured_media":49107,"comment_status":"open","ping_status":"open","sticky":false,"template":"","format":"standard","meta":{"footnotes":""},"categories":[6],"tags":[],"class_list":["post-49106","post","type-post","status-publish","format-standard","has-post-thumbnail","hentry","category-politics"],"_links":{"self":[{"href":"https:\/\/dekkbi.com\/index.php?rest_route=\/wp\/v2\/posts\/49106","targetHints":{"allow":["GET"]}}],"collection":[{"href":"https:\/\/dekkbi.com\/index.php?rest_route=\/wp\/v2\/posts"}],"about":[{"href":"https:\/\/dekkbi.com\/index.php?rest_route=\/wp\/v2\/types\/post"}],"author":[{"embeddable":true,"href":"https:\/\/dekkbi.com\/index.php?rest_route=\/wp\/v2\/users\/1"}],"replies":[{"embeddable":true,"href":"https:\/\/dekkbi.com\/index.php?rest_route=%2Fwp%2Fv2%2Fcomments&post=49106"}],"version-history":[{"count":1,"href":"https:\/\/dekkbi.com\/index.php?rest_route=\/wp\/v2\/posts\/49106\/revisions"}],"predecessor-version":[{"id":49108,"href":"https:\/\/dekkbi.com\/index.php?rest_route=\/wp\/v2\/posts\/49106\/revisions\/49108"}],"wp:featuredmedia":[{"embeddable":true,"href":"https:\/\/dekkbi.com\/index.php?rest_route=\/wp\/v2\/media\/49107"}],"wp:attachment":[{"href":"https:\/\/dekkbi.com\/index.php?rest_route=%2Fwp%2Fv2%2Fmedia&parent=49106"}],"wp:term":[{"taxonomy":"category","embeddable":true,"href":"https:\/\/dekkbi.com\/index.php?rest_route=%2Fwp%2Fv2%2Fcategories&post=49106"},{"taxonomy":"post_tag","embeddable":true,"href":"https:\/\/dekkbi.com\/index.php?rest_route=%2Fwp%2Fv2%2Ftags&post=49106"}],"curies":[{"name":"wp","href":"https:\/\/api.w.org\/{rel}","templated":true}]}}