{"id":49085,"date":"2024-12-20T09:52:33","date_gmt":"2024-12-20T09:52:33","guid":{"rendered":"https:\/\/dekkbi.com\/?p=49085"},"modified":"2024-12-20T09:52:33","modified_gmt":"2024-12-20T09:52:33","slug":"reduction-des-emissions-de-gaz-a-effet-de-serre-un-projet-lance-pour-renforcer-le-developpement-des-technologies-propres","status":"publish","type":"post","link":"https:\/\/dekkbi.com\/?p=49085","title":{"rendered":"R\u00e9duction des \u00e9missions de gaz \u00e0 effet de serre: un projet lanc\u00e9 pour renforcer le d\u00e9veloppement des technologies propres"},"content":{"rendered":"\n<p><a href=\"https:\/\/www.facebook.com\/sharer.php?u=https%3A%2F%2Fwiwsport.com%2F2024%2F12%2F18%2Fncaa-moustapha-thiam-est-deja-en-pleine-effervescence-avec-lucf%2F\"><\/a><a href=\"https:\/\/twitter.com\/intent\/tweet?text=NCAA%20%3A%20Moustapha%20Thiam%20est%20d%C3%A9j%C3%A0%20en%20pleine%20effervescence%20avec%20l%E2%80%99UCF%20via%20%40wiwsport&amp;url=https%3A%2F%2Fwiwsport.com%2F2024%2F12%2F18%2Fncaa-moustapha-thiam-est-deja-en-pleine-effervescence-avec-lucf%2F\"><\/a><a href=\"https:\/\/api.whatsapp.com\/send?text=NCAA%20%3A%20Moustapha%20Thiam%20est%20d%C3%A9j%C3%A0%20en%20pleine%20effervescence%20avec%20l%E2%80%99UCF%0Ahttps%3A%2F%2Fwiwsport.com%2F2024%2F12%2F18%2Fncaa-moustapha-thiam-est-deja-en-pleine-effervescence-avec-lucf%2F\"><\/a><a href=\"https:\/\/wiwsport.com\/2024\/12\/18\/ncaa-moustapha-thiam-est-deja-en-pleine-effervescence-avec-lucf\/#\"><\/a>Dakar, (APS) \u2013 Le minist\u00e8re de l\u2019Environnement et de la Transition \u00e9cologique (METE) a lanc\u00e9 un projet d\u00e9nomm\u00e9 \u2018\u2019Promouvoir I \u2018innovation en mati\u00e8re de technologies propres pour l\u2019action climatique au S\u00e9n\u00e9gal (Clean Tech S\u00e9n\u00e9gal)\u2019\u2019, \u00a0pour \u00a0accompagner et accorder des financements aux Petites et moyennes entreprises (PME) et startups sp\u00e9cialis\u00e9s dans la recherche d\u2019innovations technologiques propres visant \u00e0 r\u00e9duire les \u00e9missions de gaz \u00e0 effet de serre.<\/p>\n\n\n\n<p>Financ\u00e9 \u00e0 hauteur d\u2019 1,8 milliard francs CFA, ce projet est ex\u00e9cut\u00e9 dans le cadre du Programme mondial d\u2019innovation dans les technologies propres mis en place par l\u2019Organisation des Nations unies pour le d\u00e9veloppement industriel (ONUDI) dans 17 pays dont le S\u00e9n\u00e9gal pour encourager la dynamique de d\u00e9veloppement de la technologie propre.<\/p>\n\n\n\n<p>\u2018\u2019Le projet +Clean Tech S\u00e9n\u00e9gal+ a pour objectif de promouvoir et accompagner nos entreprises, particuli\u00e8rement les PME et les startups, dans l\u2019adoption de solutions innovantes pour r\u00e9pondre aux d\u00e9fis climatiques\u2019\u2019, a dit Fod\u00e9 Fall, secr\u00e9taire g\u00e9n\u00e9ral du minist\u00e8re de l\u2019Environnement et de la Transition \u00e9cologique (METE).<\/p>\n\n\n\n<p>Il intervenait jeudi \u00e0 la c\u00e9r\u00e9monie officielle d\u2019ouverture de la premi\u00e8re \u00e9dition du forum national sur la promotion de l\u2019innovation sur les technologies propres. Cet \u00e9v\u00e8nement qui est pr\u00e9vu sur deux jours s\u2019inscrit dans le cadre de la mise en \u0153uvre du projet +Clean Tech S\u00e9n\u00e9gal+.<\/p>\n\n\n\n<p>Il a pr\u00e9cis\u00e9 que \u2018\u2019les technologies \u00e0 soutenir dans le cadre de ce projet doivent correspondre aux r\u00e9alit\u00e9s locales\u2019\u2019. \u2018\u2019Autrement dit, elles doivent s\u2019adosser au contexte socio\u00e9conomique, culturel et politique national pour avoir des chances de prosp\u00e9rer\u2019\u2019, a-t-il ajout\u00e9, en privil\u00e9giant une \u2018\u2019 approche innovante pour passer aux technologies et solutions \u00e9nerg\u00e9tiques propres\u2019\u2019.<\/p>\n\n\n\n<p>\u2018\u2019De fa\u00e7on sp\u00e9cifique, a-t-il pr\u00e9cis\u00e9, ce projet vise \u00e0 encourager l\u2019innovation technologique qui pr\u00e9sente une faible empreinte \u00e9cologique dans des secteurs strat\u00e9giques tels que l\u2019\u00e9nergie renouvelable, la gestion des d\u00e9chets, l\u2019agriculture durable, et la gestion des ressources en eau\u2019\u2019.<\/p>\n\n\n\n<p>Au-del\u00e0 des PME et startups, \u2018\u2019le projet va &nbsp;soutenir les femmes et les jeunes entrepreneurs \u00e0 travers des formations, des financements et un accompagnement adapt\u00e9 \u00e0 leurs besoins, afin qu\u2019ils soient des acteurs cl\u00e9s de cette transition verte du S\u00e9n\u00e9gal, a-t-il ajout\u00e9 en pr\u00e9sence de plusieurs agents de la Direction de la r\u00e9glementation environnementale et du contr\u00f4le (DIREC), charg\u00e9e de l\u2019ex\u00e9cution nationale de ce projet.<\/p>\n\n\n\n<p>\u2018\u2019Il cherche aussi \u00e0 renforcer la coop\u00e9ration avec nos partenaires au d\u00e9veloppement, \u00e0 travers des initiatives conjointes, pour faciliter l\u2019acc\u00e8s aux financements verts et soutenir des projets d\u2019innovation durables\u2019\u2019, a-t-il soulign\u00e9.<\/p>\n\n\n\n<p>Il a estim\u00e9 que ce projet doit \u00e9galement servir de \u2018\u2019catalyseur pour le d\u00e9veloppement des technologies propres adapt\u00e9es \u00e0 nos r\u00e9alit\u00e9s et r\u00e9pondant \u00e0 nos besoins sp\u00e9cifiques\u2019\u2019.<\/p>\n\n\n\n<p>Selon lui, \u2018\u2019cela permettra d\u2019\u00e9viter de recourir aux solutions dites universelles pour promouvoir notre transition \u00e9cologique.\u2019\u2019<\/p>\n\n\n\n<p>Fod\u00e9 Fall a indiqu\u00e9 en outre que le rapport 2023 sur la technologie et l\u2019innovation publi\u00e9 par la Conf\u00e9rence des Nations-unies pour le Commerce et le D\u00e9veloppement a r\u00e9v\u00e9l\u00e9 que \u2018\u2019les technologies propres ont connu une croissance fulgurante ces vingt derni\u00e8res ann\u00e9es avec un volume de march\u00e9 estim\u00e9 \u00e0 1500 milliards de dollars US en 2020 et qui pourrait atteindre 9500 milliards de dollars US en 2030.\u201d<\/p>\n\n\n\n<p>Il a d\u00e9plor\u00e9 le fait que ce march\u00e9 en forte croissance soit principalement port\u00e9 par les pays d\u00e9velopp\u00e9s.<\/p>\n\n\n\n<p>\u201cAujourd\u2019hui, a-t-il estim\u00e9, il est temps pour le S\u00e9n\u00e9gal et les autres pays en d\u00e9veloppement, de saisir cette opportunit\u00e9 pour r\u00e9duire la pauvret\u00e9 et le sous-emploi tout en contribuant \u00e0 l\u2019effort global de lutte contre les changements climatiques\u2019\u2019.<\/p>\n\n\n\n<p>Il a soulign\u00e9 que les cons\u00e9quences du changement climatique constituent l\u2019un des plus grands d\u00e9fis auxquels l\u2019humanit\u00e9 est aujourd\u2019hui confront\u00e9e. \u2018\u2019Ses effets n\u00e9gatifs sur le d\u00e9veloppement \u00e9conomique et social des communaut\u00e9s ne sont plus \u00e0 d\u00e9montrer\u201d, a-t-il dit.<\/p>\n\n\n\n<p>Ouvert jeudi \u00e0 Dakar ce forum national sur la promotion de l\u2019innovation sur les technologies propres au S\u00e9n\u00e9gal prend fin vendredi.<\/p>\n\n\n\n<p>Signataire de l\u2019Accord de Paris en 2015, le S\u00e9n\u00e9gal a pris des engagements clairs pour r\u00e9duire ses \u00e9missions de gaz \u00e0 effet de serre, notamment \u00e0 travers la mise en \u0153uvre de sa Contribution d\u00e9termin\u00e9e au niveau national (CDN), adopt\u00e9e en 2020, et promouvoir entre autres des technologies propres \u00e0 faible empreinte \u00e9cologique.<\/p>\n\n\n\n<p>ID\/AB<a href=\"http:\/\/www.facebook.com\/sharer.php?u=https:\/\/aps.sn\/reduction-des-emissions-de-gaz-a-effet-de-serre-un-projet-lance-pour-renforcer-le-developpement-des-technologies-propres\/\"><\/a><\/p>\n\n\n\n<p><\/p>\n","protected":false},"excerpt":{"rendered":"<p>Dakar, (APS) \u2013 Le minist\u00e8re de l\u2019Environnement et de la Transition \u00e9cologique (METE) a lanc\u00e9 un projet d\u00e9nomm\u00e9 \u2018\u2019Promouvoir I<\/p>\n","protected":false},"author":1,"featured_media":49112,"comment_status":"open","ping_status":"open","sticky":false,"template":"","format":"standard","meta":{"footnotes":""},"categories":[21],"tags":[],"class_list":["post-49085","post","type-post","status-publish","format-standard","has-post-thumbnail","hentry","category-societe"],"_links":{"self":[{"href":"https:\/\/dekkbi.com\/index.php?rest_route=\/wp\/v2\/posts\/49085","targetHints":{"allow":["GET"]}}],"collection":[{"href":"https:\/\/dekkbi.com\/index.php?rest_route=\/wp\/v2\/posts"}],"about":[{"href":"https:\/\/dekkbi.com\/index.php?rest_route=\/wp\/v2\/types\/post"}],"author":[{"embeddable":true,"href":"https:\/\/dekkbi.com\/index.php?rest_route=\/wp\/v2\/users\/1"}],"replies":[{"embeddable":true,"href":"https:\/\/dekkbi.com\/index.php?rest_route=%2Fwp%2Fv2%2Fcomments&post=49085"}],"version-history":[{"count":1,"href":"https:\/\/dekkbi.com\/index.php?rest_route=\/wp\/v2\/posts\/49085\/revisions"}],"predecessor-version":[{"id":49113,"href":"https:\/\/dekkbi.com\/index.php?rest_route=\/wp\/v2\/posts\/49085\/revisions\/49113"}],"wp:featuredmedia":[{"embeddable":true,"href":"https:\/\/dekkbi.com\/index.php?rest_route=\/wp\/v2\/media\/49112"}],"wp:attachment":[{"href":"https:\/\/dekkbi.com\/index.php?rest_route=%2Fwp%2Fv2%2Fmedia&parent=49085"}],"wp:term":[{"taxonomy":"category","embeddable":true,"href":"https:\/\/dekkbi.com\/index.php?rest_route=%2Fwp%2Fv2%2Fcategories&post=49085"},{"taxonomy":"post_tag","embeddable":true,"href":"https:\/\/dekkbi.com\/index.php?rest_route=%2Fwp%2Fv2%2Ftags&post=49085"}],"curies":[{"name":"wp","href":"https:\/\/api.w.org\/{rel}","templated":true}]}}