{"id":49075,"date":"2024-12-19T11:28:48","date_gmt":"2024-12-19T11:28:48","guid":{"rendered":"https:\/\/dekkbi.com\/?p=49075"},"modified":"2024-12-19T12:08:21","modified_gmt":"2024-12-19T12:08:21","slug":"gabon-levee-jusqua-nouvel-ordre-du-couvre-feu-instaure-apres-le-coup-detat-daout-2023","status":"publish","type":"post","link":"https:\/\/dekkbi.com\/?p=49075","title":{"rendered":"Gabon: lev\u00e9e \u00abjusqu&rsquo;\u00e0 nouvel ordre\u00bb du couvre-feu"},"content":{"rendered":"\n<p>Un an et demi apr\u00e8s son instauration, le Gabon l\u00e8ve son couvre-feu \u00ab&nbsp;<em>jusqu&rsquo;\u00e0 nouvel ordre<\/em>&nbsp;\u00bb. C&rsquo;est ce qu&rsquo;a annonc\u00e9 le g\u00e9n\u00e9ral F\u00e9licien Koyi, directeur de cabinet de la ministre de la D\u00e9fense, sur les antennes de la t\u00e9l\u00e9 Gabon 24. Bien qu&rsquo;assouplie \u00e0 plusieurs reprises, la mesure en vigueur depuis ao\u00fbt 2023 \u00e9tait de plus en plus controvers\u00e9e dans le pays. Tandis que certains Gabonais n&rsquo;en voyaient plus l&rsquo;utilit\u00e9, d&rsquo;autres d\u00e9non\u00e7aient les mauvais traitements dont \u00e9taient victimes certaines personnes interpell\u00e9es aux diff\u00e9rents checkpoints.<\/p>\n\n\n\n<p>Par :RFI<\/p>\n\n\n\n<p>\u00ab&nbsp;<em>Le pr\u00e9sident de la transition veut offrir l&rsquo;opportunit\u00e9 \u00e0 l&rsquo;ensemble de ses concitoyens de c\u00e9l\u00e9brer les f\u00eates de fin d&rsquo;ann\u00e9e dans la qui\u00e9tude, la coh\u00e9sion et la communion.<\/em>&nbsp;\u00bb &nbsp;C&rsquo;est en ces termes que le g\u00e9n\u00e9ral F\u00e9licien Koyi, directeur de cabinet de la ministre de la D\u00e9fense du&nbsp;<strong><a href=\"https:\/\/www.rfi.fr\/fr\/tag\/gabon\/\">Gabon<\/a><\/strong>, a annonc\u00e9 la nouvelle avant de reconna\u00eetre, \u00e0 demi-mot, le poids que la mesure repr\u00e9sente pour certains.<\/p>\n\n\n\n<p>\u00ab&nbsp;<em>Cette mesure marque \u00e9galement le souci constant du chef de l&rsquo;\u00c9tat d&rsquo;accompagner les op\u00e9rateurs \u00e9conomiques de tous les secteurs<\/em>&nbsp;\u00bb, a-t-il ajout\u00e9.<\/p>\n\n\n\n<h2 class=\"wp-block-heading\">\u00ab&nbsp;<em>Plusieurs de nos compatriotes gagnent leur vie la nuit<\/em>&nbsp;\u00bb<\/h2>\n\n\n\n<p>\u00ab&nbsp;<em>Un soulagement<\/em>&nbsp;\u00bb, commente Leonel Engonga, pr\u00e9sident de l&rsquo;association SOS Prisonniers Gabon. La mesure, dite d&rsquo;exception, s&rsquo;installait en effet dans le temps et faisait l&rsquo;objet de nombreuses critiques.&nbsp;\u00ab&nbsp;<em>Il faut savoir qu&rsquo;au Gabon, plusieurs de nos compatriotes gagnent leur vie la nuit<\/em>, rappelle-t-il au micro de&nbsp;<strong>Paul Lorgerie<\/strong>.<em>&nbsp;Donc, cette mesure, impos\u00e9e en raison de mesures de s\u00e9curit\u00e9 et de n\u00e9cessit\u00e9, avec le temps que cela prenait, les Gabonais commen\u00e7aient \u00e0 se sentir exasp\u00e9r\u00e9s. Ce qui explique pourquoi certaines d&rsquo;entre eux avaient du mal \u00e0 rentrer aux horaires indiqu\u00e9s<\/em>&nbsp;\u00bb.<\/p>\n\n\n\n<p>Dans un communiqu\u00e9 diffus\u00e9 le 17 d\u00e9cembre, ce d\u00e9fenseur des droits humains \u2013 \u00e9galement d\u00e9put\u00e9 de la transition \u2013 d\u00e9non\u00e7ait les traitements \u00ab&nbsp;<em>humiliants et d\u00e9gradants<\/em>&nbsp;\u00bb r\u00e9serv\u00e9s \u00e0 certaines personnes interpell\u00e9es, qui pouvaient \u00eatre ras\u00e9es contre leur gr\u00e9 et expos\u00e9s sur les r\u00e9seaux sociaux.<\/p>\n\n\n\n<p>Lev\u00e9e jusqu&rsquo;\u00e0 \u00ab&nbsp;<em>nouvel ordre<\/em>&nbsp;\u00bb, Leonel Engonga esp\u00e8re pour autant que la d\u00e9cision sera d\u00e9finitive.<\/p>\n","protected":false},"excerpt":{"rendered":"<p>Un an et demi apr\u00e8s son instauration, le Gabon l\u00e8ve son couvre-feu \u00ab&nbsp;jusqu&rsquo;\u00e0 nouvel ordre&nbsp;\u00bb. C&rsquo;est ce qu&rsquo;a annonc\u00e9 le<\/p>\n","protected":false},"author":1,"featured_media":19870,"comment_status":"open","ping_status":"open","sticky":false,"template":"","format":"standard","meta":{"footnotes":""},"categories":[51],"tags":[],"class_list":["post-49075","post","type-post","status-publish","format-standard","has-post-thumbnail","hentry","category-general"],"_links":{"self":[{"href":"https:\/\/dekkbi.com\/index.php?rest_route=\/wp\/v2\/posts\/49075","targetHints":{"allow":["GET"]}}],"collection":[{"href":"https:\/\/dekkbi.com\/index.php?rest_route=\/wp\/v2\/posts"}],"about":[{"href":"https:\/\/dekkbi.com\/index.php?rest_route=\/wp\/v2\/types\/post"}],"author":[{"embeddable":true,"href":"https:\/\/dekkbi.com\/index.php?rest_route=\/wp\/v2\/users\/1"}],"replies":[{"embeddable":true,"href":"https:\/\/dekkbi.com\/index.php?rest_route=%2Fwp%2Fv2%2Fcomments&post=49075"}],"version-history":[{"count":2,"href":"https:\/\/dekkbi.com\/index.php?rest_route=\/wp\/v2\/posts\/49075\/revisions"}],"predecessor-version":[{"id":49090,"href":"https:\/\/dekkbi.com\/index.php?rest_route=\/wp\/v2\/posts\/49075\/revisions\/49090"}],"wp:featuredmedia":[{"embeddable":true,"href":"https:\/\/dekkbi.com\/index.php?rest_route=\/wp\/v2\/media\/19870"}],"wp:attachment":[{"href":"https:\/\/dekkbi.com\/index.php?rest_route=%2Fwp%2Fv2%2Fmedia&parent=49075"}],"wp:term":[{"taxonomy":"category","embeddable":true,"href":"https:\/\/dekkbi.com\/index.php?rest_route=%2Fwp%2Fv2%2Fcategories&post=49075"},{"taxonomy":"post_tag","embeddable":true,"href":"https:\/\/dekkbi.com\/index.php?rest_route=%2Fwp%2Fv2%2Ftags&post=49075"}],"curies":[{"name":"wp","href":"https:\/\/api.w.org\/{rel}","templated":true}]}}