{"id":49045,"date":"2024-12-19T10:20:10","date_gmt":"2024-12-19T10:20:10","guid":{"rendered":"https:\/\/dekkbi.com\/?p=49045"},"modified":"2024-12-19T10:20:11","modified_gmt":"2024-12-19T10:20:11","slug":"journee-mondiale-du-basket-la-bal-au-rebond-samedi-a-liberte-6","status":"publish","type":"post","link":"https:\/\/dekkbi.com\/?p=49045","title":{"rendered":"Journ\u00e9e mondiale du basket : La Bal au rebond samedi \u00e0 Libert\u00e9 6"},"content":{"rendered":"\n<p>La Basketball Africa League (Bal) c\u00e9l\u00e8bre, samedi \u00e0 Dakar, la Journ\u00e9e mondiale du basket-ball, \u00e0 partir de 8 heures, au terrain de basket Iqra, situ\u00e9 au quartier Libert\u00e9 6, annonce un communiqu\u00e9 re\u00e7u \u00e0 l\u2019Aps.<\/p>\n\n\n\n<p>\u00abDes tournois des cat\u00e9gories U16 Gar\u00e7ons et Filles, et adultes, ainsi que des animations sont au menu de cette manifestation\u00bb, ajoute la m\u00eame source. La F\u00e9d\u00e9ration internationale de basket-ball c\u00e9l\u00e8bre, depuis 2023, la Journ\u00e9e mondiale du basket-ball. Cette initiative avait \u00e9t\u00e9 adopt\u00e9e \u00e0 la veille de l\u2019ouverture de la Coupe du monde 2023 par les Nations unies.<\/p>\n\n\n\n<p>SOURCE LEQUOTIDIEN<\/p>\n","protected":false},"excerpt":{"rendered":"<p>La Basketball Africa League (Bal) c\u00e9l\u00e8bre, samedi \u00e0 Dakar, la Journ\u00e9e mondiale du basket-ball, \u00e0 partir de 8 heures, au<\/p>\n","protected":false},"author":1,"featured_media":49046,"comment_status":"open","ping_status":"open","sticky":false,"template":"","format":"standard","meta":{"footnotes":""},"categories":[9],"tags":[],"class_list":["post-49045","post","type-post","status-publish","format-standard","has-post-thumbnail","hentry","category-sports"],"_links":{"self":[{"href":"https:\/\/dekkbi.com\/index.php?rest_route=\/wp\/v2\/posts\/49045","targetHints":{"allow":["GET"]}}],"collection":[{"href":"https:\/\/dekkbi.com\/index.php?rest_route=\/wp\/v2\/posts"}],"about":[{"href":"https:\/\/dekkbi.com\/index.php?rest_route=\/wp\/v2\/types\/post"}],"author":[{"embeddable":true,"href":"https:\/\/dekkbi.com\/index.php?rest_route=\/wp\/v2\/users\/1"}],"replies":[{"embeddable":true,"href":"https:\/\/dekkbi.com\/index.php?rest_route=%2Fwp%2Fv2%2Fcomments&post=49045"}],"version-history":[{"count":1,"href":"https:\/\/dekkbi.com\/index.php?rest_route=\/wp\/v2\/posts\/49045\/revisions"}],"predecessor-version":[{"id":49047,"href":"https:\/\/dekkbi.com\/index.php?rest_route=\/wp\/v2\/posts\/49045\/revisions\/49047"}],"wp:featuredmedia":[{"embeddable":true,"href":"https:\/\/dekkbi.com\/index.php?rest_route=\/wp\/v2\/media\/49046"}],"wp:attachment":[{"href":"https:\/\/dekkbi.com\/index.php?rest_route=%2Fwp%2Fv2%2Fmedia&parent=49045"}],"wp:term":[{"taxonomy":"category","embeddable":true,"href":"https:\/\/dekkbi.com\/index.php?rest_route=%2Fwp%2Fv2%2Fcategories&post=49045"},{"taxonomy":"post_tag","embeddable":true,"href":"https:\/\/dekkbi.com\/index.php?rest_route=%2Fwp%2Fv2%2Ftags&post=49045"}],"curies":[{"name":"wp","href":"https:\/\/api.w.org\/{rel}","templated":true}]}}