{"id":49037,"date":"2024-12-19T10:15:39","date_gmt":"2024-12-19T10:15:39","guid":{"rendered":"https:\/\/dekkbi.com\/?p=49037"},"modified":"2024-12-19T10:16:38","modified_gmt":"2024-12-19T10:16:38","slug":"habitat-construction-de-logements-sociaux-vers-la-relance-des-programmes","status":"publish","type":"post","link":"https:\/\/dekkbi.com\/?p=49037","title":{"rendered":"Logements sociaux: Vers la relance des programmes de construction"},"content":{"rendered":"\n<p><strong>La construction de logements sociaux va se poursuivre. En Conseil des ministres hier, le pr\u00e9sident de la R\u00e9publique a demand\u00e9 au Premier ministre de relancer les programmes.<\/strong><\/p>\n\n\n\n<p>Le chef de l\u2019Etat est largement revenu, hier, sur la politique de promotion de l\u2019habitat social. D\u2019apr\u00e8s le communiqu\u00e9 du Conseil des ministres, Bassirou Diomaye Diakhar Faye a \u00abindiqu\u00e9 l\u2019urgence d\u2019acc\u00e9l\u00e9rer le d\u00e9ploiement national&nbsp;des programmes de promotion de logements sociaux.<br>A cet effet, il a d\u00ade\u00admand\u00e9&nbsp;au&nbsp;Premier ministre de relancer les programmes de construction de logements sociaux dans les zones adapt\u00e9es,&nbsp;soutenus par des lotissements, des plans d\u2019am\u00e9nagement et des titres d\u2019occupation&nbsp;officiellement valid\u00e9s apr\u00e8s les audits fonciers et immobiliers en cours. Le gouvernement devra aussi proposer des solutions soutenables pour&nbsp;acc\u00e9l\u00e9rer la promotion d\u2019un&nbsp;habitat d\u00e9cent&nbsp;\u00e0 travers la conception de plans consensuels de restructuration et de r\u00e9novation urbaine, et s\u2019atteler \u00e0 moderniser l\u2019habitat en milieu rural.&nbsp;Il a invit\u00e9 le Premier ministre et le&nbsp;gouvernement \u00e0 faire du logement d\u00e9cent une cause nationale \u00e0 partir de l\u2019ann\u00e9e 2025. Le ministre de l\u2019Urbanisme et le secr\u00e9taire d\u2019Etat au Logement feront le point mensuel en Conseil des ministres sur la mise en \u0153uvre de la politique du logement\u00bb.<\/p>\n\n\n\n<p>Dans cet esprit, mentionne le document, \u00abil a demand\u00e9 au Premier ministre et au ministre en charge&nbsp;l\u2019Urbanisme&nbsp;de fixer, pour les trois prochaines ann\u00e9es, la lettre de mission et le cadre d\u2019intervention de&nbsp;la Soci\u00e9t\u00e9 d\u2019am\u00e9nagement foncier et de restructuration urbaine (Safru), entit\u00e9 qui doit disposer de ressources fonci\u00e8res et financi\u00e8res adapt\u00e9es \u00e0 partir d\u2019un mod\u00e8le \u00e9conomique viable. Au demeurant, il convient d\u2019\u00e9valuer le Fonds de garantie pour l\u2019acc\u00e8s au loge\u00adment&nbsp;(Focalog) et l\u2019application de la loi d\u2019orientation n\u00b02016-31 du 08 novembre 2016 sur&nbsp;l\u2019habitat social avec le dispositif du Fonds pour l\u2019habitat social (Fhs)\u00bb.<\/p>\n\n\n\n<p>Le gouvernement, annonce-t-on, \u00abs\u2019att\u00e8lera aussi \u00e0 la relance des p\u00f4les urbains et des zones d\u2019am\u00e9nagement&nbsp;concert\u00e9 pour faciliter l\u2019acc\u00e8s \u00e0 la propri\u00e9t\u00e9 fonci\u00e8re et immobili\u00e8re avec le concours des banques et \u00e9tablissements financiers (Cdc en particulier\u2026).&nbsp;Dans cette lanc\u00e9e, une&nbsp;importance primordiale sera accord\u00e9e au d\u00e9veloppement prioritaire du P\u00f4le urbain de Diamniadio et celui du Lac Rose qui commencent \u00e0 accueillir des infrastructures h\u00f4teli\u00e8res de classe mondiale\u00bb.<\/p>\n\n\n\n<p>Dans l\u2019optique d\u2019une dynamique de refondation de la politique d\u2019urbanisme, de\u00a0construction et du logement, le chef de l\u2019Etat a aussi \u00abengag\u00e9 le gouvernement \u00e0 poursuivre les efforts de promotion des constructions aux normes des habitations, b\u00e2timents et \u00e9difices avec\u00a0\u00a0l\u2019application rigoureuse des codes de l\u2019Urbanisme, de la Construction, de l\u2019Assai\u00adnis\u00adsement et de l\u2019En\u00advironnement principalement, la ma\u00eetrise des am\u00e9nagements et occupations du littoral, la mise \u00e0 contribution du Laboratoire national de r\u00e9f\u00e9rence des b\u00e2timents et travaux publics qui assure l\u2019homologation des\u00a0mat\u00e9riaux et produits utilis\u00e9s dans le secteur des Btp et\u00a0garantit la qualit\u00e9 et la conformit\u00e9 des constructions, l\u2019int\u00e9gration d\u2019une exigence d\u2019am\u00e9nagement paysager et d\u2019espaces verts dans les quartiers\u00a0\u00a0et les habitations, la formation professionnelle initiale et continue des acteurs du b\u00e2timent dans des \u00e9coles et instituts sp\u00e9cialis\u00e9s\u00bb.<\/p>\n\n\n\n<p><strong>Par Abdoulatif MANSARAY \u2013<\/strong> <strong>latifmansaray@lequotidien.sn<\/strong><\/p>\n","protected":false},"excerpt":{"rendered":"<p>La construction de logements sociaux va se poursuivre. En Conseil des ministres hier, le pr\u00e9sident de la R\u00e9publique a demand\u00e9<\/p>\n","protected":false},"author":1,"featured_media":49038,"comment_status":"open","ping_status":"open","sticky":false,"template":"","format":"standard","meta":{"footnotes":""},"categories":[3],"tags":[],"class_list":["post-49037","post","type-post","status-publish","format-standard","has-post-thumbnail","hentry","category-event-more-news"],"_links":{"self":[{"href":"https:\/\/dekkbi.com\/index.php?rest_route=\/wp\/v2\/posts\/49037","targetHints":{"allow":["GET"]}}],"collection":[{"href":"https:\/\/dekkbi.com\/index.php?rest_route=\/wp\/v2\/posts"}],"about":[{"href":"https:\/\/dekkbi.com\/index.php?rest_route=\/wp\/v2\/types\/post"}],"author":[{"embeddable":true,"href":"https:\/\/dekkbi.com\/index.php?rest_route=\/wp\/v2\/users\/1"}],"replies":[{"embeddable":true,"href":"https:\/\/dekkbi.com\/index.php?rest_route=%2Fwp%2Fv2%2Fcomments&post=49037"}],"version-history":[{"count":4,"href":"https:\/\/dekkbi.com\/index.php?rest_route=\/wp\/v2\/posts\/49037\/revisions"}],"predecessor-version":[{"id":49042,"href":"https:\/\/dekkbi.com\/index.php?rest_route=\/wp\/v2\/posts\/49037\/revisions\/49042"}],"wp:featuredmedia":[{"embeddable":true,"href":"https:\/\/dekkbi.com\/index.php?rest_route=\/wp\/v2\/media\/49038"}],"wp:attachment":[{"href":"https:\/\/dekkbi.com\/index.php?rest_route=%2Fwp%2Fv2%2Fmedia&parent=49037"}],"wp:term":[{"taxonomy":"category","embeddable":true,"href":"https:\/\/dekkbi.com\/index.php?rest_route=%2Fwp%2Fv2%2Fcategories&post=49037"},{"taxonomy":"post_tag","embeddable":true,"href":"https:\/\/dekkbi.com\/index.php?rest_route=%2Fwp%2Fv2%2Ftags&post=49037"}],"curies":[{"name":"wp","href":"https:\/\/api.w.org\/{rel}","templated":true}]}}