{"id":49014,"date":"2024-12-19T09:37:57","date_gmt":"2024-12-19T09:37:57","guid":{"rendered":"https:\/\/dekkbi.com\/?p=49014"},"modified":"2024-12-19T09:37:58","modified_gmt":"2024-12-19T09:37:58","slug":"chambre-de-commerce-de-dakar-serigne-mboup-et-cie-convoquent-la-jurisprudence-barth-pour-ejecter-abdoulaye-sow","status":"publish","type":"post","link":"https:\/\/dekkbi.com\/?p=49014","title":{"rendered":"Chambre de Commerce de Dakar: Serigne Mboup et Cie convoquent la jurisprudence Barth&rsquo;, pour \u00e9jecter Abdoulaye Sow"},"content":{"rendered":"\n<h3 class=\"wp-block-heading\">Le contentieux qui oppose Abdoulaye Sow, le pr\u00e9sident de la Chambre de Commerce de Dakar et l\u2019Union nationale des Chambres de commerce du S\u00e9n\u00e9gal, est loin de conna\u00eetre son \u00e9pilogue. Apr\u00e8s plusieurs interpellations de l\u2019ancien r\u00e9gime, qui \u00abavait fait la sourde oreille\u00bb, Serigne Mboup et Cie demandent aux nouvelles autorit\u00e9s d\u2019user de la jurisprudence Barth\u00e9l\u00e9my Dias, pour r\u00e9gler d\u00e9finitivement ce probl\u00e8me laiss\u00e9 par le r\u00e9gime de Macky Sall.<\/h3>\n\n\n\n<p>La jurisprudence Barth\u00e9l\u00e9my Dias sur l\u2019affaire Ndiaga Diouf, qui a occasionn\u00e9 la r\u00e9vocation de Dias-fils de la mairie de Dakar, inspire Serigne Mboup et ses partisans. Ces derniers veulent que les nouvelles autorit\u00e9s usent des d\u00e9cisions de la Cour supr\u00eame, \u00ab<em>annulant les \u00e9lections de la Chambre de commerce<\/em>\u00bb, pour constater \u00ab<em>l\u2019ill\u00e9galit\u00e9<\/em>\u00bb de Abdoulaye Sow \u00e0 la t\u00eate de la Chambre de Commerce de Dakar. \u00ab<em>Barth a \u00e9t\u00e9 enlev\u00e9 par une d\u00e9cision de justice. La m\u00eame d\u00e9marche doit \u00eatre utilis\u00e9e \u00e0 la Chambre de Commerce<\/em>\u00bb, a d\u00e9clar\u00e9 l\u2019op\u00e9rateur \u00e9conomique Mor Seck, en conf\u00e9rence de presse, hier.<\/p>\n\n\n\n<p>De son c\u00f4t\u00e9, Serigne Mboup estime que l\u2019Etat doit r\u00e9gler ce probl\u00e8me, pour qu\u2019il puisse pousser le secteur informel \u00e0 se formaliser et pour \u00e9largir en m\u00eame temps, l\u2019assiette fiscale. Surtout, poursuit-il, que le probl\u00e8me est rest\u00e9 intact depuis 15 ans.<\/p>\n\n\n\n<p>D\u2019apr\u00e8s \u00ab\u00a0Walfadjri\u00a0\u00bb, le Pr\u00e9sident du Conseil national des dirigeants d\u2019entreprises du S\u00e9n\u00e9gal (Cndes), Birane Yaya Wane rappelle que ce contentieux est le plus vieux des tribunaux. C\u2019est pourquoi il affirme que l\u2019Etat doit d\u00e9finitivement le r\u00e9gler. \u00ab<em>Il y a du faux \u00e0 l\u2019\u00e9lection de 2010, avec de fausses procurations. J\u2019avais port\u00e9 plainte et ce que je disais s\u2019est av\u00e9r\u00e9 dans les enqu\u00eates. Et on a fait annuler trois sous sections. Mais le Pr\u00e9sident Macky Sall avait d\u00e9cid\u00e9 de mettre le dossier sous le coude<\/em>\u00bb, mart\u00e8le M. Wane. Qui, par la m\u00eame occasion, a indiqu\u00e9 avoir \u00e9crit au nouveau ministre de l\u2019Industrie et du Commerce, Serigne Gu\u00e8ye Diop, mais aucune r\u00e9ponse, malgr\u00e9 le Jub Jubal Jubanti pr\u00f4n\u00e9 par les nouvelles autorit\u00e9s.<\/p>\n\n\n\n<p>Outr\u00e9, Mor Seck, souligne que ce qui se passe dans les Chambres de Commerce, ne se passerait jamais sur la sc\u00e8ne politique. Selon lui, le secteur priv\u00e9 doit prendre le relais pour participer au d\u00e9veloppement du pays. Malheureusement, regrette-t-il, les organisations patronales ne veulent pas que les Chambres de Commerce se d\u00e9veloppent.<\/p>\n\n\n\n<p><strong>Un contentieux vieux de 15 ans<br><\/strong><br>\u00ab<em>C\u2019est un combat national. On doit organiser une \u00e9lection pour qu\u2019on ait un homme reconnu par tous. Car, ces gens qui ne sont pas \u00e9lus, n\u2019ont pas de l\u00e9gitimit\u00e9 pour g\u00e9rer tous les fonds des op\u00e9rateurs \u00e9conomiques. C\u2019est une affaire de d\u00e9mocratie \u00e9conomique apr\u00e8s la d\u00e9mocratie politique. Si on laisse les choses continuer, ce sera comme les partis politiques et la presse que l\u2019on cherche \u00e0 assainir<\/em>\u00bb, peste Mor Seck, invitant \u00e0 recentrer l\u2019\u00e9conomie du S\u00e9n\u00e9gal autour des Chambres de Commerce.<\/p>\n\n\n\n<p>Selon lui, l\u2019Etat a une posture, une signature, mais pas de solutions. Car, \u00e0 l\u2019en croire, beaucoup de r\u00e9alisations en mati\u00e8re d\u2019infrastructures, l\u2019ont \u00e9t\u00e9 par offres spontan\u00e9es. \u00ab<em>Il nous faut prendre une nouvelle dynamique purement ancr\u00e9e dans l\u2019\u00e9conomie<\/em>\u00bb, rench\u00e9rit Babacar Gu\u00e8ye, op\u00e9rateur \u00e9conomique. \u00ab<em>Nous avons \u00e9crit au pr\u00e9sident de la Chambre de commerce pour l\u2019\u00e9couter mais sans succ\u00e8s. Nous avons pr\u00e9vu en tant que citoyen, de tenir un sit-in devant l\u2019institution consulaire, comme nous l\u2019avons fait pour les accords de p\u00eache ou encore le d\u00e9part des bases militaires fran\u00e7aises<\/em>\u00bb, indique pour sa part, Mourtalla Seck du collectif \u00ab\u00a0Nio Lank\u00a0\u00bb.<\/p>\n\n\n\n<p>En tout \u00e9tat de cause, Serigne Mboup appelle \u00e0 revenir \u00e0 la l\u00e9galit\u00e9 au niveau de la Chambre de Commerce de Dakar. Parce que, dit-il, l\u2019Etat met plus de 200 milliards FCfa dans les agences d\u2019accompagnement du secteur priv\u00e9, alors que le travail peut \u00eatre fait dans les Chambres de Commerce.<\/p>\n\n\n\n<p>En outre, M. Mboup et ses amis ont fustig\u00e9 l\u2019octroi par le Conseil S\u00e9n\u00e9galais des Chargeurs, de subventions de 100 millions de francs CFA aux quatre organisations patronales, que sont le Conseil national du patronat (Cnp), la Conf\u00e9d\u00e9ration nationale des employeurs du S\u00e9n\u00e9gal (Cnes), le Groupe \u00e9conomique solidaire (Ges) et l\u2019Unacois, que \u00ab<em>le nouveau directeur a justement bloqu\u00e9es<\/em>\u00bb. \u00ab <em>L\u2019Etat parle de changement syst\u00e9mique, il doit s\u2019attaquer \u00e0 ce probl\u00e8me par priorit\u00e9. C\u2019est une affaire juridique<\/em> \u00bb, estime Serigne Mboup.<\/p>\n\n\n\n<p>Ousmane Wade<br>LERAL<\/p>\n","protected":false},"excerpt":{"rendered":"<p>Le contentieux qui oppose Abdoulaye Sow, le pr\u00e9sident de la Chambre de Commerce de Dakar et l\u2019Union nationale des Chambres<\/p>\n","protected":false},"author":1,"featured_media":49015,"comment_status":"open","ping_status":"open","sticky":false,"template":"","format":"standard","meta":{"footnotes":""},"categories":[21],"tags":[],"class_list":["post-49014","post","type-post","status-publish","format-standard","has-post-thumbnail","hentry","category-societe"],"_links":{"self":[{"href":"https:\/\/dekkbi.com\/index.php?rest_route=\/wp\/v2\/posts\/49014","targetHints":{"allow":["GET"]}}],"collection":[{"href":"https:\/\/dekkbi.com\/index.php?rest_route=\/wp\/v2\/posts"}],"about":[{"href":"https:\/\/dekkbi.com\/index.php?rest_route=\/wp\/v2\/types\/post"}],"author":[{"embeddable":true,"href":"https:\/\/dekkbi.com\/index.php?rest_route=\/wp\/v2\/users\/1"}],"replies":[{"embeddable":true,"href":"https:\/\/dekkbi.com\/index.php?rest_route=%2Fwp%2Fv2%2Fcomments&post=49014"}],"version-history":[{"count":1,"href":"https:\/\/dekkbi.com\/index.php?rest_route=\/wp\/v2\/posts\/49014\/revisions"}],"predecessor-version":[{"id":49016,"href":"https:\/\/dekkbi.com\/index.php?rest_route=\/wp\/v2\/posts\/49014\/revisions\/49016"}],"wp:featuredmedia":[{"embeddable":true,"href":"https:\/\/dekkbi.com\/index.php?rest_route=\/wp\/v2\/media\/49015"}],"wp:attachment":[{"href":"https:\/\/dekkbi.com\/index.php?rest_route=%2Fwp%2Fv2%2Fmedia&parent=49014"}],"wp:term":[{"taxonomy":"category","embeddable":true,"href":"https:\/\/dekkbi.com\/index.php?rest_route=%2Fwp%2Fv2%2Fcategories&post=49014"},{"taxonomy":"post_tag","embeddable":true,"href":"https:\/\/dekkbi.com\/index.php?rest_route=%2Fwp%2Fv2%2Ftags&post=49014"}],"curies":[{"name":"wp","href":"https:\/\/api.w.org\/{rel}","templated":true}]}}