{"id":49011,"date":"2024-12-19T09:27:16","date_gmt":"2024-12-19T09:27:16","guid":{"rendered":"https:\/\/dekkbi.com\/?p=49011"},"modified":"2024-12-19T09:27:33","modified_gmt":"2024-12-19T09:27:33","slug":"le-communique-du-conseil-des-ministres-de-ce-mercredi-18-decembre-2024","status":"publish","type":"post","link":"https:\/\/dekkbi.com\/?p=49011","title":{"rendered":"Le Communiqu\u00e9 du Conseil des Ministres de ce mercredi 18 d\u00e9cembre 2024"},"content":{"rendered":"\n<p>Le Chef de l\u2019Etat, Son Excellence, Monsieur Bassirou Diomaye Diakhar FAYE a pr\u00e9sid\u00e9, ce mercredi 18 d\u00e9cembre 2024, la r\u00e9union hebdomadaire du Conseil des Ministres, au Palais de la R\u00e9publique.<\/p>\n\n\n\n<p>A l\u2019entame de sa communication, le Pr\u00e9sident de la R\u00e9publique est revenu sur la c\u00e9r\u00e9monie d\u2019inauguration, le jeudi 12 d\u00e9cembre 2024 \u00e0 Thi\u00e8s, du monument d\u00e9di\u00e9 au h\u00e9ros national Lat Dior Ngon\u00e9 Latyr DIOP, \u00e0 l\u2019occasion du centenaire de sa disparition. Il a adress\u00e9 ses remerciements aux populations de la ville de Thi\u00e8s, notamment aux \u00e9l\u00e8ves, pour leur mobilisation exceptionnelle et leur accueil chaleureux. Il a aussi associ\u00e9 dans ses remerciements les autorit\u00e9s territoriales, le Maire de la ville, les \u00e9lus, les notabilit\u00e9s religieuses et coutumi\u00e8res de Thi\u00e8s qui ont fortement contribu\u00e9 au succ\u00e8s de la manifestation.<\/p>\n\n\n\n<p>La pr\u00e9sence du Chef de l\u2019Etat \u00e0 Thi\u00e8s symbolise son attachement particulier \u00e0 la valorisation de notre patrimoine historique et culturel si n\u00e9cessaire \u00e0 la pr\u00e9servation d\u2019un r\u00e9cit national assum\u00e9 qui prend en compte nos valeurs traditionnelles s\u00e9culaires, bas\u00e9es sur une culture de la m\u00e9moire et la c\u00e9l\u00e9bration de nos h\u00e9ros nationaux dans tous les domaines. D\u00e8s lors, il a demand\u00e9 au Premier Ministre, au Ministre des Collectivit\u00e9s territoriales, au Ministre de la Culture et au Secr\u00e9taire d\u2019Etat en charge de la Culture, de travailler avec les Collectivit\u00e9s territoriales en vue de mettre en ad\u00e9quation la d\u00e9nomination de nos rues, avenues, boulevards et \u00e9difices publics avec les faits historiques et h\u00e9ros nationaux qui ont unanimement marqu\u00e9 la vie de notre pays.<\/p>\n\n\n\n<p>Le Pr\u00e9sident de la R\u00e9publique a aussi soulign\u00e9 l\u2019importance de vulgariser et d\u2019enseigner l\u2019histoire g\u00e9n\u00e9rale du S\u00e9n\u00e9gal. Il a, \u00e0 cet \u00e9gard, demand\u00e9 au Premier Ministre d\u2019\u00e9valuer et de relancer le projet de r\u00e9\u00e9criture scientifique de l\u2019histoire g\u00e9n\u00e9rale du S\u00e9n\u00e9gal, de r\u00e9habiliter et de promouvoir le patrimoine historique de nos communes et villes.<\/p>\n\n\n\n<p>Dans cet \u00e9lan, il a indiqu\u00e9 au Ministre en charge de la Culture et au Secr\u00e9taire d\u2019Etat charg\u00e9 du patrimoine historique, la n\u00e9cessit\u00e9 de travailler \u00e0 la r\u00e9habilitation du patrimoine des \u00eeles, notamment Gor\u00e9e et Carabane en \u00e9troite collaboration avec les autorit\u00e9s municipales et les populations. Il a, en outre, invit\u00e9, le Premier Ministre \u00e0 engager la r\u00e9flexion sur la cr\u00e9ation d\u2019un Conseil national de la M\u00e9moire et de la Gestion du Patrimoine historique afin de faire de la pr\u00e9servation de notre histoire, un facteur majeur de d\u00e9veloppement \u00e9conomique, social et<br>culturel du S\u00e9n\u00e9gal.<\/p>\n\n\n\n<p>Abordant la question de la politique d\u2019urbanisme, d\u2019architecture, d\u2019habitat et de promotion du logement, le Chef de l\u2019Etat a indiqu\u00e9 que la mat\u00e9rialisation de la Vision S\u00e9n\u00e9gal 2050, r\u00e9v\u00e8le l\u2019urgence d\u2019acc\u00e9l\u00e9rer l\u2019am\u00e9nagement du territoire, le d\u00e9veloppement de nos terroirs ainsi que la modernisation de nos communes et villes \u00e0 partir des P\u00f4les. Il a demand\u00e9 au Ministre de l\u2019Urbanisme, des Collectivit\u00e9s territoriales et de l\u2019Am\u00e9nagement des Territoires de veiller \u00e0 l\u2019actualisation et\/ou \u00e0 la g\u00e9n\u00e9ralisation des plans directeurs d\u2019urbanisme dans toutes les communes et villes du S\u00e9n\u00e9gal.<\/p>\n\n\n\n<p>Cet exercice imp\u00e9ratif de planification, est fondamental pour maitriser le d\u00e9veloppement urbain et acc\u00e9l\u00e9rer dans la coh\u00e9rence et la rigueur des am\u00e9nagements la mise en \u0153uvre de la politique d\u2019habitat et de promotion de logements sociaux en particulier. Dans ce sillage, il a instruit le Ministre de l\u2019Urbanisme, des Collectivit\u00e9s territoriales et de l\u2019Am\u00e9nagement des Territoires, de veiller \u00e0 l\u2019application stricte des r\u00e8gles d\u2019architecture harmonis\u00e9es dans chaque commune et ville du S\u00e9n\u00e9gal. A cet \u00e9gard, il a invit\u00e9 le Gouvernement \u00e0 travailler avec l\u2019Ordre des architectes pour proposer un nouveau cadre l\u00e9gal et r\u00e9glementaire de mise en \u0153uvre de la nouvelle politique d\u2019architecture du S\u00e9n\u00e9gal.<\/p>\n\n\n\n<p>Dans l\u2019optique d\u2019une dynamique de refondation de la politique d\u2019urbanisme, de construction et du logement, le Pr\u00e9sident de la R\u00e9publique a engag\u00e9 le Gouvernement \u00e0 poursuivre les efforts de promotion des constructions aux normes des habitations, b\u00e2timents et \u00e9difices avec :<br>\u2013 l\u2019application rigoureuse des codes de l\u2019urbanisme, de la construction, de l\u2019assainissement et de l\u2019environnement principalement ;<br>\u2013 la maitrise des am\u00e9nagements et occupations du littoral ;<br>\u2013 la mise \u00e0 contribution du Laboratoire national de r\u00e9f\u00e9rence des B\u00e2timents et Travaux publics qui assure l\u2019homologation des mat\u00e9riaux et produits utilis\u00e9s dans le secteur des BTP et garantit la qualit\u00e9 et la conformit\u00e9 des constructions. ;<br>\u2013 l\u2019int\u00e9gration d\u2019une exigence d\u2019am\u00e9nagement paysager et d\u2019espaces verts dans les quartiers et les habitations ;<br>\u2013 la formation professionnelle initiale et continue des acteurs du b\u00e2timent dans des \u00e9coles et instituts sp\u00e9cialis\u00e9s.<\/p>\n\n\n\n<p>Par ailleurs, le Chef de l\u2019Etat a indiqu\u00e9 l\u2019urgence d\u2019acc\u00e9l\u00e9rer le d\u00e9ploiement national des programmes de promotion de logements sociaux. A cet effet, il a demand\u00e9 au Premier Ministre de relancer les programmes de construction de logement sociaux dans les zones adapt\u00e9es soutenus par des lotissements, des plans d\u2019am\u00e9nagement et des titres d\u2019occupationofficiellement valid\u00e9s apr\u00e8s les audits fonciers et immobiliers en cours.<\/p>\n\n\n\n<p>Le Gouvernement devra aussi proposer des solutions soutenables pour acc\u00e9l\u00e9rer la promotion d\u2019un habitat d\u00e9cent \u00e0 travers la conception de plans consensuels de restructuration et de r\u00e9novation urbaine et s\u2019atteler \u00e0 moderniser l\u2019habitat en milieu rural. Il a invit\u00e9 le Premier Ministre et le Gouvernement \u00e0 faire du logement d\u00e9cent une cause nationale \u00e0 partir de l\u2019ann\u00e9e 2025. Le Ministre de l\u2019Urbanisme et le Secr\u00e9taire d\u2019Etat au Logement feront le point mensuel en Conseil des Ministres sur la mise en \u0153uvre de la politique du logement.<\/p>\n\n\n\n<p>Dans cet esprit, il a demand\u00e9 au Premier Ministre et au Ministre en charge l\u2019Urbanisme de fixer, pour les trois (3) prochaines ann\u00e9es, la lettre de mission et le cadre d\u2019intervention de la Soci\u00e9t\u00e9 d\u2019Am\u00e9nagement Foncier et de Restructuration urbaine (SAFRU), entit\u00e9 qui doit disposer de ressources fonci\u00e8res et financi\u00e8res adapt\u00e9es \u00e0 partir d\u2019un mod\u00e8le \u00e9conomique viable. Au demeurant, il convient d\u2019\u00e9valuer le Fonds de Garantie pour l\u2019acc\u00e8s Logement<br>(FOCALOG) et l\u2019application de la loi d\u2019orientation n\u00b0 2016-31 du 08 novembre 2016 sur l\u2019habitat social avec le dispositif du Fonds pour l\u2019Habitat social (FHS).<\/p>\n\n\n\n<p>Le Gouvernement s\u2019att\u00e8lera aussi \u00e0 la relance des p\u00f4les urbains et des zones d\u2019am\u00e9nagement concert\u00e9 pour faciliter l\u2019acc\u00e8s \u00e0 la propri\u00e9t\u00e9 fonci\u00e8re et immobili\u00e8re avec le concours des&nbsp; banques et \u00e9tablissements financiers (CDC en particulier\u2026). Dans cette lanc\u00e9e, une importance primordiale sera accord\u00e9e au d\u00e9veloppement prioritaire du p\u00f4le urbain de Diamniadio et du Lac Rose qui commencent \u00e0 accueillir des infrastructures h\u00f4teli\u00e8res de classe<br>mondiale.<\/p>\n\n\n\n<p>Au regard de la mont\u00e9e en puissance du secteur du tourisme, le Pr\u00e9sident de la R\u00e9publique a demand\u00e9 au Premier Ministre, au Ministre en charge des Collectivit\u00e9s territoriales et au Ministre en charge du Tourisme de veiller \u00e0 la maitrise du d\u00e9veloppement urbain des zones touristiques du S\u00e9n\u00e9gal.<\/p>\n\n\n\n<p>Dans sa communication, le Premier Ministre a inform\u00e9 le Conseil qu\u2019en vertu des dispositions de la Constitution, notamment en son article 84, Monsieur le Pr\u00e9sident de la R\u00e9publique a saisi l\u2019Assembl\u00e9e nationale pour la tenue de sa D\u00e9claration de Politique g\u00e9n\u00e9rale (DPG), le vendredi 27 d\u00e9cembre 2024, conform\u00e9ment aux dispositions de l\u2019Article 55 de la Constitution.<\/p>\n\n\n\n<p>Abordant la pr\u00e9paration de l\u2019agenda l\u00e9gislatif de l\u2019ann\u00e9e 2025, le Premier Ministre a indiqu\u00e9 que les projets de textes y aff\u00e9rents doivent \u00eatre en phase avec le nouveau R\u00e9f\u00e9rentiel des politiques publiques Vision S\u00e9n\u00e9gal 2050. Il a, en outre, soulign\u00e9 l\u2019exigence pour chaque minist\u00e8re d\u2019\u00e9laborer et de transmettre au Secr\u00e9tariat g\u00e9n\u00e9ral du Gouvernement son agenda l\u00e9gislatif au titre du premier semestre de l\u2019ann\u00e9e 2025, au plus tard \u00e0 la mi-janvier 2025.<\/p>\n\n\n\n<p>\u00c0 cet \u00e9gard, il a demand\u00e9 aux Ministres de veiller, apr\u00e8s une stricte revue des projets de texte \u00e9labor\u00e9s ant\u00e9rieurement \u00e0 avril 2024, \u00e0 bien identifier les textes \u00e0 vocation strat\u00e9gique et ceux \u00e0 vocation op\u00e9rationnelle, aux fins d\u2019anticiper sur la complexit\u00e9 et les d\u00e9lais d\u2019\u00e9laboration ainsi que sur l\u2019ordre de priorit\u00e9. En outre, il devra \u00eatre tenu compte de l\u2019orientation majeure de rationalisation des ressources publiques.<\/p>\n\n\n\n<p>Par ailleurs, le Premier Ministre a relev\u00e9 l\u2019attention particuli\u00e8re \u00e0 accorder \u00e0 la restructuration des entreprises publiques et parapubliques en grande difficult\u00e9 pour garantir la continuit\u00e9 du service public. Il a ainsi demand\u00e9 au Ministre Secr\u00e9taire g\u00e9n\u00e9ral du Gouvernement de proc\u00e9der \u00e0 la reprise des travaux du Comit\u00e9 interminist\u00e9riel de Suivi et de Restructuration des entreprises publiques et parapubliques et instruit le Ministre des Finances<br>et du Budget de prendre les dispositions n\u00e9cessaires pour la mise en \u0153uvre effective du Fonds de Relance pour la restructuration des dites entreprises.<\/p>\n\n\n\n<p>Enfin, le Premier Ministre a inform\u00e9 le Conseil qu\u2019il co-pr\u00e9sidera avec le Vice Pr\u00e9sident de La Gambie, \u00e0 l\u2019occasion d\u2019une visite de travail et d\u2019amiti\u00e9 dans ce pays les 19 et 20 d\u00e9cembre 2024, la r\u00e9union de la Commission consultative conjointe charg\u00e9e du suivi de la coop\u00e9ration entre les deux pays qui ne s\u2019est pas tenue depuis 2011. La rencontre sera consacr\u00e9e \u00e0 la revue de l\u2019\u00e9tat de mise en \u0153uvre des d\u00e9cisions issues du Conseil pr\u00e9sidentiel du 1er ao\u00fbt 2023 et \u00e0 l\u2019examen de divers dossiers. Le Premier Ministre co-pr\u00e9sidera \u00e9galement, avec le Vice-Pr\u00e9sident de La Gambie, la c\u00e9r\u00e9monie d\u2019ouverture de la 2\u00e8me \u00e9dition du forum \u00e9conomique, commercial et d\u2019investissement s\u00e9n\u00e9galo-gambien.<\/p>\n\n\n\n<p>AU TITRE DES COMMUNICATIONS DES MINISTRES :<br>\uf0b7 Le Ministre de la Jeunesse, des Sports et de la Culture a fait le point mensuel sur les<br>pr\u00e9paratifs de l\u2019organisation des Jeux olympiques de la Jeunesse (JOJ) Dakar 2026 ;<br>4<br>\uf0b7 Le Ministre de l\u2019Agriculture, de la Souverainet\u00e9 alimentaire et de l\u2019Elevage a fait une communication sur la situation de la campagne de commercialisation de l\u2019arachide 2024, les cultures de d\u00e9crue et la campagne horticole ;<\/p>\n\n\n\n<p>\uf0b7 Le Ministre de la Microfinance et de l\u2019Economie sociale et solidaire a fait une communication sur la synergie gouvernementale autour de la mise en \u0153uvre d\u2019une Strat\u00e9gie nationale de Financement cibl\u00e9 (SNFC) au service de l\u2019\u00e9conomie sociale et solidaire.<\/p>\n\n\n\n<p>AU TITRE DES TEXTES LEGISLATIFS ET REGLEMENTAIRES,<br>Le Conseil a examin\u00e9 et adopt\u00e9 :<\/p>\n\n\n\n<p>\uf0b7 Le Projet de d\u00e9cret portant organisation du Minist\u00e8re de l\u2019Int\u00e9gration africaine et des<br>Affaires \u00e9trang\u00e8res.<\/p>\n\n\n\n<p><strong>Le Ministre de la Formation professionnelle et technique, Porte-Parole du Gouvernement<\/strong><br><strong>Amadou Moustapha Njekk SARRE<\/strong><\/p>\n","protected":false},"excerpt":{"rendered":"<p>Le Chef de l\u2019Etat, Son Excellence, Monsieur Bassirou Diomaye Diakhar FAYE a pr\u00e9sid\u00e9, ce mercredi 18 d\u00e9cembre 2024, la r\u00e9union<\/p>\n","protected":false},"author":1,"featured_media":49012,"comment_status":"open","ping_status":"open","sticky":false,"template":"","format":"standard","meta":{"footnotes":""},"categories":[6],"tags":[],"class_list":["post-49011","post","type-post","status-publish","format-standard","has-post-thumbnail","hentry","category-politics"],"_links":{"self":[{"href":"https:\/\/dekkbi.com\/index.php?rest_route=\/wp\/v2\/posts\/49011","targetHints":{"allow":["GET"]}}],"collection":[{"href":"https:\/\/dekkbi.com\/index.php?rest_route=\/wp\/v2\/posts"}],"about":[{"href":"https:\/\/dekkbi.com\/index.php?rest_route=\/wp\/v2\/types\/post"}],"author":[{"embeddable":true,"href":"https:\/\/dekkbi.com\/index.php?rest_route=\/wp\/v2\/users\/1"}],"replies":[{"embeddable":true,"href":"https:\/\/dekkbi.com\/index.php?rest_route=%2Fwp%2Fv2%2Fcomments&post=49011"}],"version-history":[{"count":1,"href":"https:\/\/dekkbi.com\/index.php?rest_route=\/wp\/v2\/posts\/49011\/revisions"}],"predecessor-version":[{"id":49013,"href":"https:\/\/dekkbi.com\/index.php?rest_route=\/wp\/v2\/posts\/49011\/revisions\/49013"}],"wp:featuredmedia":[{"embeddable":true,"href":"https:\/\/dekkbi.com\/index.php?rest_route=\/wp\/v2\/media\/49012"}],"wp:attachment":[{"href":"https:\/\/dekkbi.com\/index.php?rest_route=%2Fwp%2Fv2%2Fmedia&parent=49011"}],"wp:term":[{"taxonomy":"category","embeddable":true,"href":"https:\/\/dekkbi.com\/index.php?rest_route=%2Fwp%2Fv2%2Fcategories&post=49011"},{"taxonomy":"post_tag","embeddable":true,"href":"https:\/\/dekkbi.com\/index.php?rest_route=%2Fwp%2Fv2%2Ftags&post=49011"}],"curies":[{"name":"wp","href":"https:\/\/api.w.org\/{rel}","templated":true}]}}