{"id":49008,"date":"2024-12-19T09:23:07","date_gmt":"2024-12-19T09:23:07","guid":{"rendered":"https:\/\/dekkbi.com\/?p=49008"},"modified":"2024-12-19T10:51:14","modified_gmt":"2024-12-19T10:51:14","slug":"declaration-de-politique-generale-le-premier-ministre-ousmane-sonko-fera-face-aux-deputes-ce-27-decembre-2024","status":"publish","type":"post","link":"https:\/\/dekkbi.com\/?p=49008","title":{"rendered":"D\u00e9claration de Politique G\u00e9n\u00e9rale: Le Premier Ministre Ousmane Sonko fera face aux d\u00e9put\u00e9s ce 27 d\u00e9cembre 2024"},"content":{"rendered":"\n<p>Dans le communiqu\u00e9 du Conseil des Ministres de ce 18 d\u00e9cembre 2024, il est indiqu\u00e9 que le Premier Ministre a inform\u00e9 le Conseil \u00ab qu\u2019en vertu des dispositions de la Constitution, notamment en son article 84, Monsieur le Pr\u00e9sident de la R\u00e9publique a saisi l\u2019Assembl\u00e9e nationale pour la tenue de sa D\u00e9claration de Politique g\u00e9n\u00e9rale (DPG), le vendredi 27 d\u00e9cembre 2024, conform\u00e9ment aux dispositions de l\u2019Article 55 de la Constitution \u00bb.<\/p>\n\n\n\n<p>Ainsi, ce 27 d\u00e9cembre 2024, le Premier ministre va se pr\u00e9senter \u00e0 l\u2019H\u00e9micycle en vue de partager les grandes lignes de l\u2019action gouvernementale, offrant ainsi aux citoyens une vision claire des priorit\u00e9s de l\u2019ex\u00e9cutif.<\/p>\n\n\n\n<p>SOURCE SUDQUOTIDIEN<\/p>\n","protected":false},"excerpt":{"rendered":"<p>Dans le communiqu\u00e9 du Conseil des Ministres de ce 18 d\u00e9cembre 2024, il est indiqu\u00e9 que le Premier Ministre a<\/p>\n","protected":false},"author":1,"featured_media":49051,"comment_status":"open","ping_status":"open","sticky":false,"template":"","format":"standard","meta":{"footnotes":""},"categories":[6],"tags":[],"class_list":["post-49008","post","type-post","status-publish","format-standard","has-post-thumbnail","hentry","category-politics"],"_links":{"self":[{"href":"https:\/\/dekkbi.com\/index.php?rest_route=\/wp\/v2\/posts\/49008","targetHints":{"allow":["GET"]}}],"collection":[{"href":"https:\/\/dekkbi.com\/index.php?rest_route=\/wp\/v2\/posts"}],"about":[{"href":"https:\/\/dekkbi.com\/index.php?rest_route=\/wp\/v2\/types\/post"}],"author":[{"embeddable":true,"href":"https:\/\/dekkbi.com\/index.php?rest_route=\/wp\/v2\/users\/1"}],"replies":[{"embeddable":true,"href":"https:\/\/dekkbi.com\/index.php?rest_route=%2Fwp%2Fv2%2Fcomments&post=49008"}],"version-history":[{"count":1,"href":"https:\/\/dekkbi.com\/index.php?rest_route=\/wp\/v2\/posts\/49008\/revisions"}],"predecessor-version":[{"id":49009,"href":"https:\/\/dekkbi.com\/index.php?rest_route=\/wp\/v2\/posts\/49008\/revisions\/49009"}],"wp:featuredmedia":[{"embeddable":true,"href":"https:\/\/dekkbi.com\/index.php?rest_route=\/wp\/v2\/media\/49051"}],"wp:attachment":[{"href":"https:\/\/dekkbi.com\/index.php?rest_route=%2Fwp%2Fv2%2Fmedia&parent=49008"}],"wp:term":[{"taxonomy":"category","embeddable":true,"href":"https:\/\/dekkbi.com\/index.php?rest_route=%2Fwp%2Fv2%2Fcategories&post=49008"},{"taxonomy":"post_tag","embeddable":true,"href":"https:\/\/dekkbi.com\/index.php?rest_route=%2Fwp%2Fv2%2Ftags&post=49008"}],"curies":[{"name":"wp","href":"https:\/\/api.w.org\/{rel}","templated":true}]}}