{"id":48954,"date":"2024-12-18T10:42:46","date_gmt":"2024-12-18T10:42:46","guid":{"rendered":"https:\/\/dekkbi.com\/?p=48954"},"modified":"2024-12-18T10:42:47","modified_gmt":"2024-12-18T10:42:47","slug":"radiation-et-revocation-le-double-recours-de-barth","status":"publish","type":"post","link":"https:\/\/dekkbi.com\/?p=48954","title":{"rendered":"Radiation et r\u00e9vocation: Le double recours de Barth\u2019"},"content":{"rendered":"\n<p>La radiation de Barth\u00e9lemy Dais de la liste des d\u00e9put\u00e9s est loin de conna\u00eetre son \u00e9pilogue. A travers ses avocats, il a d\u00e9pos\u00e9 un recours en annulation de la d\u00e9cision prise par le Bureau de l\u2019Assembl\u00e9e nationale, en attaquant la lettre num\u00e9ro 00096 du 6 d\u00e9cembre 2024 de l\u2019arr\u00eat\u00e9 no00079\/ANS\/SG\/AD\/GEN relatif \u00e0 sa radiation de la liste des parlementaires. De l\u2019avis du pool d\u2019avocats de Dias-fils, \u00abcette radiation viole les dispositions des articles 61 de la Constitution et LO 168 du Code \u00e9lectoral et doit \u00eatre annul\u00e9e purement et simplement par le Conseil constitutionnel\u00bb. Suffisant pour eux de solliciter l\u2019annulation de cette d\u00e9cision. Ils rappellent les disposition de l\u2019article 61 qui stipule que \u00able membre de l\u2019Assembl\u00e9e nationale\u00bb qui fait l\u2019objet d\u2019une condamnation p\u00e9nale d\u00e9finitive est radi\u00e9 de la liste des parlementaires sur demande du ministre de la Justice\u00bb. Pour les avocats, \u00able Bureau de l\u2019Assembl\u00e9e nationale n\u2019a pas pouvoir de le radier de la liste des parlementaires : ce pouvoir appartient au seul Conseil constitutionnel\u00bb.<\/p>\n\n\n\n<p>Ils demandent au Conseil constitutionnel de d\u00e9clarer recevable la requ\u00eate en pr\u00e9cisant que la p\u00e9riode d\u2019in\u00e9ligibilit\u00e9 de Barth\u2019 a expir\u00e9 le 23 mai 2017 pour l\u2019un et le 17 novembre 2022 pour l\u2019autre cas. Pour eux, cette d\u00e9cision est ent\u00e9rin\u00e9e dans tous les cas et ils rappellent que les 7 \u00abSages\u00bb en ont tir\u00e9 la cons\u00e9quence dans leur d\u00e9cision no17E\/2024, \u00e0 savoir le recours introduit apr\u00e8s la publication des listes des L\u00e9gislatives par M. Serigne Modou Di\u00e8ye.<\/p>\n\n\n\n<p>Pour sa r\u00e9vocation de la mairie de Dakar, ses avocats ont aussi d\u00e9pos\u00e9 un recours devant la Cour d\u2019appel. Leurs arguments sont clairs pour eux&nbsp;: ils invoquent l\u2019expiration du d\u00e9lai de 5 ans suivant le jugement du 16 f\u00e9vrier 2017 et la d\u00e9cision du Conseil constitutionnel no17E\/2024 ayant tir\u00e9 les cons\u00e9quences de l\u2019\u00e9ligibilit\u00e9 de Barth\u00e9lemy Dias aux L\u00e9gislatives du 17 novembre.<\/p>\n\n\n\n<p>Ils demandent \u00e0 la Cour d\u2019appel de Dakar d\u2019annuler purement simplement la d\u00e9cision du Pr\u00e9fet et de renvoyer Barth\u2019 \u00e0 ses fonctions de maire de la Ville de Dakar.<\/p>\n\n\n\n<p><strong>Par Justin GOMIS \u2013 justin@lequotidien.sn<\/strong><\/p>\n","protected":false},"excerpt":{"rendered":"<p>La radiation de Barth\u00e9lemy Dais de la liste des d\u00e9put\u00e9s est loin de conna\u00eetre son \u00e9pilogue. A travers ses avocats,<\/p>\n","protected":false},"author":1,"featured_media":48955,"comment_status":"open","ping_status":"open","sticky":false,"template":"","format":"standard","meta":{"footnotes":""},"categories":[6],"tags":[],"class_list":["post-48954","post","type-post","status-publish","format-standard","has-post-thumbnail","hentry","category-politics"],"_links":{"self":[{"href":"https:\/\/dekkbi.com\/index.php?rest_route=\/wp\/v2\/posts\/48954","targetHints":{"allow":["GET"]}}],"collection":[{"href":"https:\/\/dekkbi.com\/index.php?rest_route=\/wp\/v2\/posts"}],"about":[{"href":"https:\/\/dekkbi.com\/index.php?rest_route=\/wp\/v2\/types\/post"}],"author":[{"embeddable":true,"href":"https:\/\/dekkbi.com\/index.php?rest_route=\/wp\/v2\/users\/1"}],"replies":[{"embeddable":true,"href":"https:\/\/dekkbi.com\/index.php?rest_route=%2Fwp%2Fv2%2Fcomments&post=48954"}],"version-history":[{"count":1,"href":"https:\/\/dekkbi.com\/index.php?rest_route=\/wp\/v2\/posts\/48954\/revisions"}],"predecessor-version":[{"id":48956,"href":"https:\/\/dekkbi.com\/index.php?rest_route=\/wp\/v2\/posts\/48954\/revisions\/48956"}],"wp:featuredmedia":[{"embeddable":true,"href":"https:\/\/dekkbi.com\/index.php?rest_route=\/wp\/v2\/media\/48955"}],"wp:attachment":[{"href":"https:\/\/dekkbi.com\/index.php?rest_route=%2Fwp%2Fv2%2Fmedia&parent=48954"}],"wp:term":[{"taxonomy":"category","embeddable":true,"href":"https:\/\/dekkbi.com\/index.php?rest_route=%2Fwp%2Fv2%2Fcategories&post=48954"},{"taxonomy":"post_tag","embeddable":true,"href":"https:\/\/dekkbi.com\/index.php?rest_route=%2Fwp%2Fv2%2Ftags&post=48954"}],"curies":[{"name":"wp","href":"https:\/\/api.w.org\/{rel}","templated":true}]}}