{"id":48937,"date":"2024-12-18T09:56:50","date_gmt":"2024-12-18T09:56:50","guid":{"rendered":"https:\/\/dekkbi.com\/?p=48937"},"modified":"2024-12-18T09:56:51","modified_gmt":"2024-12-18T09:56:51","slug":"mamadou-lamine-diante-souligne-la-necessite-pour-le-secteur-agricole-de-disposer-dune-convention-collective","status":"publish","type":"post","link":"https:\/\/dekkbi.com\/?p=48937","title":{"rendered":"Mamadou Lamine Diant\u00e9 souligne la n\u00e9cessit\u00e9 pour le secteur agricole de disposer d\u2019une convention collective"},"content":{"rendered":"\n<p>Saly, (APS)- Le pr\u00e9sident du Haut conseil du dialogue social (HCDS), Mamadou Lamine Diant\u00e9 a soulign\u00e9, mardi \u00e0 Saly (Ouest), la n\u00e9cessit\u00e9 de disposer d\u2019une convention collective pour le secteur agricole.<\/p>\n\n\n\n<p>\u00ab&nbsp;Il est paradoxal de noter que le secteur agricole, qui occupe une grande partie de la population active au S\u00e9n\u00e9gal, ne dispose toujours pas d\u2019une convention collective et continue encore d\u2019\u00eatre r\u00e9gi par des textes r\u00e9glementaires, malgr\u00e9 plusieurs tentatives ant\u00e9rieures des acteurs du secteur pour se doter d\u2019un instrument conventionnel r\u00e9gissant leurs relations professionnelles&nbsp;\u00bb, a-t-il dit.<\/p>\n\n\n\n<p>Mamadou Lamine Diant\u00e9 pr\u00e9sidait l\u2019ouverture d\u2019un atelier de renforcement de capacit\u00e9s des partenaires sociaux du secteur des professions agricoles et assimil\u00e9es.<\/p>\n\n\n\n<p>Selon lui, cette rencontre est une occasion pour les partenaires sociaux du secteur des professions agricoles et assimil\u00e9es \u00ab&nbsp;de satisfaire cette dol\u00e9ance, en se dotant d\u2019un nouvel instrument conventionnel et de nouvelles annexes de classification des emplois plus adapt\u00e9s aux profondes mutations dans les techniques et m\u00e9thodes agricoles et \u00e0 l\u2019\u00e9volution constante des conditions et relations professionnelles&nbsp;\u00bb.<\/p>\n\n\n\n<p>\u00ab&nbsp;La pr\u00e9sente session de formation devrait \u00eatre suivie d\u2019une feuille de route devant aboutir \u00e0 l\u2019\u00e9laboration d\u2019un avant-projet consensuel de convention collective qui sera, \u00e0 terme, le nouveau cadre conventionnel r\u00e9gissant les relations professionnelles dans le secteur des professions agricoles et assimil\u00e9es&nbsp;\u00bb, a pr\u00e9cis\u00e9 le pr\u00e9sident du HCDS.<\/p>\n\n\n\n<p>Le ministre conseiller \u00e0 la pr\u00e9sidence Aldiouma Sow, coordonnateur du p\u00f4le politique, soci\u00e9t\u00e9 civile et syndicats a rappel\u00e9 l\u2019importance que les hautes autorit\u00e9s du pays accordent au dialogue social et au secteur agricole.<\/p>\n\n\n\n<p>Pour lui, sa pr\u00e9sence \u00e0 cette rencontre \u00ab&nbsp;t\u00e9moigne de l\u2019importance que le chef de l\u2019Etat accorde au dialogue social comme moyen de pacification du champ social, mais surtout de l\u2019importance d\u2019avoir de la stabilit\u00e9 dans le secteur agricole, consid\u00e9r\u00e9 comme un des secteurs cl\u00e9 pour assurer la transformation syst\u00e9mique de notre \u00e9conomie&nbsp;\u00bb, a rappel\u00e9 l\u2019officiel.<\/p>\n\n\n\n<p>DOB\/ADI\/MTN<\/p>\n","protected":false},"excerpt":{"rendered":"<p>Saly, (APS)- Le pr\u00e9sident du Haut conseil du dialogue social (HCDS), Mamadou Lamine Diant\u00e9 a soulign\u00e9, mardi \u00e0 Saly (Ouest),<\/p>\n","protected":false},"author":1,"featured_media":48939,"comment_status":"open","ping_status":"open","sticky":false,"template":"","format":"standard","meta":{"footnotes":""},"categories":[3],"tags":[],"class_list":["post-48937","post","type-post","status-publish","format-standard","has-post-thumbnail","hentry","category-event-more-news"],"_links":{"self":[{"href":"https:\/\/dekkbi.com\/index.php?rest_route=\/wp\/v2\/posts\/48937","targetHints":{"allow":["GET"]}}],"collection":[{"href":"https:\/\/dekkbi.com\/index.php?rest_route=\/wp\/v2\/posts"}],"about":[{"href":"https:\/\/dekkbi.com\/index.php?rest_route=\/wp\/v2\/types\/post"}],"author":[{"embeddable":true,"href":"https:\/\/dekkbi.com\/index.php?rest_route=\/wp\/v2\/users\/1"}],"replies":[{"embeddable":true,"href":"https:\/\/dekkbi.com\/index.php?rest_route=%2Fwp%2Fv2%2Fcomments&post=48937"}],"version-history":[{"count":1,"href":"https:\/\/dekkbi.com\/index.php?rest_route=\/wp\/v2\/posts\/48937\/revisions"}],"predecessor-version":[{"id":48940,"href":"https:\/\/dekkbi.com\/index.php?rest_route=\/wp\/v2\/posts\/48937\/revisions\/48940"}],"wp:featuredmedia":[{"embeddable":true,"href":"https:\/\/dekkbi.com\/index.php?rest_route=\/wp\/v2\/media\/48939"}],"wp:attachment":[{"href":"https:\/\/dekkbi.com\/index.php?rest_route=%2Fwp%2Fv2%2Fmedia&parent=48937"}],"wp:term":[{"taxonomy":"category","embeddable":true,"href":"https:\/\/dekkbi.com\/index.php?rest_route=%2Fwp%2Fv2%2Fcategories&post=48937"},{"taxonomy":"post_tag","embeddable":true,"href":"https:\/\/dekkbi.com\/index.php?rest_route=%2Fwp%2Fv2%2Ftags&post=48937"}],"curies":[{"name":"wp","href":"https:\/\/api.w.org\/{rel}","templated":true}]}}