{"id":48896,"date":"2024-12-18T09:07:35","date_gmt":"2024-12-18T09:07:35","guid":{"rendered":"https:\/\/dekkbi.com\/?p=48896"},"modified":"2024-12-18T16:19:09","modified_gmt":"2024-12-18T16:19:09","slug":"en-rdc-la-monusco-ne-va-pas-se-retirer-tout-de-suite","status":"publish","type":"post","link":"https:\/\/dekkbi.com\/?p=48896","title":{"rendered":"Sarkozy: un an de prison ferme sous bracelet \u00e9lectronique"},"content":{"rendered":"\n<p>La Cour de cassation, plus haute juridiction de l&rsquo;ordre judiciaire fran\u00e7ais, a rejet\u00e9 mercredi 18 d\u00e9cembre le pourvoi de l&rsquo;ancien pr\u00e9sident de la R\u00e9publique Nicolas Sarkozy dans l&rsquo;affaire des \u00e9coutes, rendant d\u00e9finitive sa condamnation, en France, \u00e0 un an de prison ferme sous bracelet \u00e9lectronique pour corruption et trafic d&rsquo;influence. Une sanction in\u00e9dite pour un ancien chef de l&rsquo;\u00c9tat, qui n&rsquo;a pas attendu \u00e0 saisir la CEDH.<\/p>\n\n\n\n<p>Par :RFI avec AFP<\/p>\n\n\n\n<p>Ces peines, jusqu\u2019ici suspendues, seront appliqu\u00e9es&nbsp;: l\u2019ancien pr\u00e9sident, 69&nbsp;ans, sera convoqu\u00e9 devant un juge d\u2019application des peines (JAP) pour se voir poser un bracelet \u00e9lectronique.&nbsp;<\/p>\n\n\n\n<p>Nicolas Sarkozy \u00ab&nbsp;<em>se conformera \u00e9videmment&nbsp;<\/em>\u00bb \u00e0 cette condamnation, mais il saisit la Cour europ\u00e9enne des droits de l&rsquo;Homme, a r\u00e9agi aupr\u00e8s de l&rsquo;AFP son avocat au conseil, Me Patrice Spinosi, d\u00e9plorant un \u00ab&nbsp;<em>triste jour<\/em>&nbsp;\u00bb o\u00f9 \u00ab&nbsp;<em>un ancien pr\u00e9sident est tenu d&rsquo;engager une action devant des juges europ\u00e9ens pour faire condamner un \u00c9tat aux destin\u00e9es duquel il a pr\u00e9sid\u00e9<\/em>&nbsp;\u00bb.<\/p>\n\n\n\n<p>Dans cette affaire, Nicolas Sarkozy a \u00e9t\u00e9 condamn\u00e9 en premi\u00e8re instance le 1\u1d49\u02b3 mars 2021, puis en appel le 17 mai 2023. La d\u00e9cision dans cette affaire, aussi appel\u00e9e Bismuth, intervient alors que l\u2019ancien locataire de l\u2019\u00c9lys\u00e9e doit compara\u00eetre \u00e0 partir du 6&nbsp;janvier, et pour quatre mois, au tribunal de Paris, dans l\u2019affaire des soup\u00e7ons de financement libyen de sa campagne pr\u00e9sidentielle 2007.<\/p>\n\n\n\n<p>Dans le dossier Bismuth, l\u2019ex-chef de l\u2019\u00c9tat avait \u00e9t\u00e9, d\u2019avoir nou\u00e9 en\u00a02014, au c\u00f4t\u00e9 de son avocat historique Thierry Herzog, un\u00a0<em>\u00ab\u00a0pacte de corruption\u00a0\u00bb<\/em>\u00a0avec Gilbert Azibert, haut magistrat \u00e0 la Cour de cassation, afin qu\u2019il transmette des informations et tente d\u2019influer sur un recours form\u00e9 par Nicolas Sarkozy dans\u00a0<strong>l\u2019affaire Bettencourt<\/strong>. Et ce, en \u00e9change d\u2019un\u00a0<em>\u00ab\u00a0coup de pouce\u00a0\u00bb<\/em>\u00a0promis pour un poste honorifique \u00e0 Monaco.<\/p>\n\n\n\n<p>Les trois hommes se sont vu infliger la m\u00eame peine, avec, pour l\u2019avocat, une interdiction de porter la robe noire pendant trois ans. Clamant leur innocence depuis l\u2019origine, ils ont form\u00e9 des pourvois, soulevant vingt arguments, examin\u00e9s lors d\u2019une audience le 6&nbsp;novembre, \u00e0 l\u2019issue de laquelle la d\u00e9cision a \u00e9t\u00e9 mise en d\u00e9lib\u00e9r\u00e9.<\/p>\n\n\n\n<h2 class=\"wp-block-heading\">Enqu\u00eate parall\u00e8le<\/h2>\n\n\n\n<p>Devant la Cour de cassation, qui se prononce sur la bonne application du droit et non sur le fond des dossiers, l\u2019avocate g\u00e9n\u00e9rale a m\u00e9thodiquement pr\u00e9conis\u00e9 le rejet de chaque point de droit soulev\u00e9. Emmanuel Piwnica, avocat au conseil de Thierry Herzog, a fustig\u00e9 une proc\u00e9dure qui&nbsp;<em>\u00ab&nbsp;n\u2019aurait jamais d\u00fb voir le jour&nbsp;\u00bb<\/em>, parlant d\u2019un dossier dans lequel&nbsp;<em>\u00ab&nbsp;on ne compte plus les ill\u00e9galit\u00e9s commises, les manquements, les atteintes aux droits fondamentaux&nbsp;\u00bb<\/em>.<\/p>\n\n\n\n<p>La d\u00e9fense a insist\u00e9 sur deux points principaux&nbsp;: d\u2019abord, elle esp\u00e8re qu\u2019une d\u00e9cision r\u00e9cente du Conseil constitutionnel, dat\u00e9e du 28&nbsp;septembre&nbsp;2023 et trouvant son origine dans l\u2019affaire Fillon, pourra lui permettre d\u2019obtenir un nouveau proc\u00e8s. Au nom des droits de la d\u00e9fense qui ne doivent pas \u00eatre&nbsp;<em>\u00ab&nbsp;th\u00e9oriques et illusoires&nbsp;\u00bb<\/em>, cette d\u00e9cision impose un r\u00e9examen par une nouvelle cour d\u2019appel d\u2019une demande d\u2019annulation de toute la proc\u00e9dure, a plaid\u00e9 M<sup>e<\/sup>&nbsp;Piwnica.<\/p>\n\n\n\n<p>Pour afficher ce contenu X (Twitter), il est n\u00e9cessaire d&rsquo;autoriser les cookies de mesure d&rsquo;audience et de publicit\u00e9.AccepterG\u00e9rer mes choix<\/p>\n\n\n\n<p>Depuis des ann\u00e9es, le camp Sarkozy estime en effet que le Parquet national financier (PNF) lui a injustement&nbsp;<em>\u00ab&nbsp;cach\u00e9&nbsp;\u00bb<\/em>&nbsp;une enqu\u00eate parall\u00e8le, visant \u00e0 d\u00e9busquer une taupe qui aurait inform\u00e9 l\u2019ancien pr\u00e9sident et son avocat qu\u2019ils \u00e9taient sur \u00e9coute. Les avocats ont aussi contest\u00e9 la l\u00e9galit\u00e9 des \u00e9coutes au c\u0153ur du dossier, un sujet d\u00e9j\u00e0 maintes fois d\u00e9battu dans cette affaire.<\/p>\n\n\n\n<p>M<sup>e<\/sup>&nbsp;Patrice Spinosi a invoqu\u00e9 un arr\u00eat de la Cour europ\u00e9enne des droits de l\u2019homme (CEDH) du 16&nbsp;juin&nbsp;2016&nbsp;:&nbsp;<em>\u00ab&nbsp;Nicolas Sarkozy ne peut pas \u00eatre p\u00e9nalement condamn\u00e9 sur le fondement d\u2019\u00e9changes qu\u2019il a eus avec son avocat&nbsp;\u00bb<\/em>, car ils ne peuvent pas \u00eatre&nbsp;<em>\u00ab&nbsp;utilis\u00e9s contre lui&nbsp;\u00bb<\/em>, a-t-il argu\u00e9.<\/p>\n\n\n\n<p>En\u00a02025, la Cour de cassation devra en outre trancher sur le pourvoi de l\u2019ancien pr\u00e9sident contre sa condamnation \u00e0<strong>\u00a0un an de prison<\/strong>\u00a0dont six mois ferme dans l\u2019affaire Bygmalion, concernant les d\u00e9penses excessives de sa campagne de 2012.<\/p>\n\n\n\n<p>SOURCE RFI<\/p>\n\n\n\n<figure class=\"wp-block-image size-full\"><img loading=\"lazy\" decoding=\"async\" width=\"1\" height=\"1\" src=\"https:\/\/dekkbi.com\/wp-content\/uploads\/2024\/12\/image-3.png\" alt=\"\" class=\"wp-image-48897\"\/><\/figure>\n\n\n\n<p><\/p>\n","protected":false},"excerpt":{"rendered":"<p>La Cour de cassation, plus haute juridiction de l&rsquo;ordre judiciaire fran\u00e7ais, a rejet\u00e9 mercredi 18 d\u00e9cembre le pourvoi de l&rsquo;ancien<\/p>\n","protected":false},"author":1,"featured_media":4330,"comment_status":"open","ping_status":"open","sticky":false,"template":"","format":"standard","meta":{"footnotes":""},"categories":[51],"tags":[],"class_list":["post-48896","post","type-post","status-publish","format-standard","has-post-thumbnail","hentry","category-general"],"_links":{"self":[{"href":"https:\/\/dekkbi.com\/index.php?rest_route=\/wp\/v2\/posts\/48896","targetHints":{"allow":["GET"]}}],"collection":[{"href":"https:\/\/dekkbi.com\/index.php?rest_route=\/wp\/v2\/posts"}],"about":[{"href":"https:\/\/dekkbi.com\/index.php?rest_route=\/wp\/v2\/types\/post"}],"author":[{"embeddable":true,"href":"https:\/\/dekkbi.com\/index.php?rest_route=\/wp\/v2\/users\/1"}],"replies":[{"embeddable":true,"href":"https:\/\/dekkbi.com\/index.php?rest_route=%2Fwp%2Fv2%2Fcomments&post=48896"}],"version-history":[{"count":2,"href":"https:\/\/dekkbi.com\/index.php?rest_route=\/wp\/v2\/posts\/48896\/revisions"}],"predecessor-version":[{"id":48981,"href":"https:\/\/dekkbi.com\/index.php?rest_route=\/wp\/v2\/posts\/48896\/revisions\/48981"}],"wp:featuredmedia":[{"embeddable":true,"href":"https:\/\/dekkbi.com\/index.php?rest_route=\/wp\/v2\/media\/4330"}],"wp:attachment":[{"href":"https:\/\/dekkbi.com\/index.php?rest_route=%2Fwp%2Fv2%2Fmedia&parent=48896"}],"wp:term":[{"taxonomy":"category","embeddable":true,"href":"https:\/\/dekkbi.com\/index.php?rest_route=%2Fwp%2Fv2%2Fcategories&post=48896"},{"taxonomy":"post_tag","embeddable":true,"href":"https:\/\/dekkbi.com\/index.php?rest_route=%2Fwp%2Fv2%2Ftags&post=48896"}],"curies":[{"name":"wp","href":"https:\/\/api.w.org\/{rel}","templated":true}]}}