{"id":48887,"date":"2024-12-17T16:28:43","date_gmt":"2024-12-17T16:28:43","guid":{"rendered":"https:\/\/dekkbi.com\/?p=48887"},"modified":"2024-12-17T16:29:09","modified_gmt":"2024-12-17T16:29:09","slug":"enseignement-superieur-le-ministere-annonce-des-assises-nationales","status":"publish","type":"post","link":"https:\/\/dekkbi.com\/?p=48887","title":{"rendered":"Enseignement sup\u00e9rieur : Le Minist\u00e8re annonce des assises"},"content":{"rendered":"\n<p>10 ans apr\u00e8s la Concertation nationale sur l\u2019avenir de l\u2019enseignement sup\u00e9rieur, le S\u00e9n\u00e9gal va encore organiser des assises nationales du secteur. L\u2019annonce est du Directeur g\u00e9n\u00e9ral de la recherche et de l\u2019innovation, Pr Hamidou Dathe. Il prenait part, ce mardi, \u00e0 la c\u00e9r\u00e9monie d\u2019ouverture des doctoriales en math\u00e9matiques et informatique \u00e0 l\u2019Universit\u00e9 Cheikh Anta Diop. \u00ab Nous allons prochainement aller vers des assises nationales pour la transformation de l\u2019enseignement sup\u00e9rieur, de la recherche et de l\u2019innovation \u00bb.<\/p>\n\n\n\n<p>Selon lui, il sera beaucoup question de la part de la recherche qui actuellement le parent pauvre du secteur compar\u00e9 \u00e0 la p\u00e9dagogique et le social. \u00ab Ce qu\u2019on observe actuellement est que la partie p\u00e9dagogie et \u0153uvres sociales prennent l\u2019essentiel des ressources ; et la recherche et l\u2019innovation n\u2019arrivent pas \u00e0 trouver des moyens suffisants pour se d\u00e9velopper \u00bb.<\/p>\n\n\n\n<p>Ainsi, rassure-t-il, il ne s&rsquo;agit pas de supprimer, mais de rationaliser les budgets pour lib\u00e9rer plus de place pour la recherche. Cette derni\u00e8re, d\u2019apr\u00e8s les \u00e9tudes \u00e0 besoin d\u2019au moins 1% du Pib pour \u00eatre performant. Or, le S\u00e9n\u00e9gal en est loin.<\/p>\n\n\n\n<p>Pr Dathe pr\u00e9cise que ces r\u00e9flexions seront inclusives au maximum comme le pr\u00e9voit le ministre Abdourahmane Diouf conform\u00e9ment \u00e0 la volont\u00e9 du pr\u00e9sident Bassirou Diomaye Faye. Il appelle donc les \u00e9coles doctorales et les enseignants chercheurs \u00e0 mener cette r\u00e9flexion.\u00a0<\/p>\n\n\n\n<p>SOURCE SENEWEB<\/p>\n","protected":false},"excerpt":{"rendered":"<p>10 ans apr\u00e8s la Concertation nationale sur l\u2019avenir de l\u2019enseignement sup\u00e9rieur, le S\u00e9n\u00e9gal va encore organiser des assises nationales du<\/p>\n","protected":false},"author":1,"featured_media":48890,"comment_status":"open","ping_status":"open","sticky":false,"template":"","format":"standard","meta":{"footnotes":""},"categories":[21],"tags":[],"class_list":["post-48887","post","type-post","status-publish","format-standard","has-post-thumbnail","hentry","category-societe"],"_links":{"self":[{"href":"https:\/\/dekkbi.com\/index.php?rest_route=\/wp\/v2\/posts\/48887","targetHints":{"allow":["GET"]}}],"collection":[{"href":"https:\/\/dekkbi.com\/index.php?rest_route=\/wp\/v2\/posts"}],"about":[{"href":"https:\/\/dekkbi.com\/index.php?rest_route=\/wp\/v2\/types\/post"}],"author":[{"embeddable":true,"href":"https:\/\/dekkbi.com\/index.php?rest_route=\/wp\/v2\/users\/1"}],"replies":[{"embeddable":true,"href":"https:\/\/dekkbi.com\/index.php?rest_route=%2Fwp%2Fv2%2Fcomments&post=48887"}],"version-history":[{"count":2,"href":"https:\/\/dekkbi.com\/index.php?rest_route=\/wp\/v2\/posts\/48887\/revisions"}],"predecessor-version":[{"id":48892,"href":"https:\/\/dekkbi.com\/index.php?rest_route=\/wp\/v2\/posts\/48887\/revisions\/48892"}],"wp:featuredmedia":[{"embeddable":true,"href":"https:\/\/dekkbi.com\/index.php?rest_route=\/wp\/v2\/media\/48890"}],"wp:attachment":[{"href":"https:\/\/dekkbi.com\/index.php?rest_route=%2Fwp%2Fv2%2Fmedia&parent=48887"}],"wp:term":[{"taxonomy":"category","embeddable":true,"href":"https:\/\/dekkbi.com\/index.php?rest_route=%2Fwp%2Fv2%2Fcategories&post=48887"},{"taxonomy":"post_tag","embeddable":true,"href":"https:\/\/dekkbi.com\/index.php?rest_route=%2Fwp%2Fv2%2Ftags&post=48887"}],"curies":[{"name":"wp","href":"https:\/\/api.w.org\/{rel}","templated":true}]}}