{"id":48882,"date":"2024-12-17T12:12:58","date_gmt":"2024-12-17T12:12:58","guid":{"rendered":"https:\/\/dekkbi.com\/?p=48882"},"modified":"2024-12-17T12:13:32","modified_gmt":"2024-12-17T12:13:32","slug":"diomaye-faye-africain-de-lannee-2024-selon-alm","status":"publish","type":"post","link":"https:\/\/dekkbi.com\/?p=48882","title":{"rendered":"Diomaye Faye, Africain de l\u2019ann\u00e9e 2024 selon ALM"},"content":{"rendered":"\n<p><strong>En m\u00eame temps que Bassirou Diomaye Faye nomin\u00e9 Africain de l\u2019ann\u00e9e, d\u2019autres \u00e9minentes personnalit\u00e9s devraient se retrouver \u00e0 Casablanca, capitale \u00e9conomique du Maroc, qui va abriter la c\u00e9r\u00e9monie de remise des distinctions pr\u00e9vue les 27 et 28 f\u00e9vrier 2025.<\/strong><\/p>\n\n\n\n<p>Le pr\u00e9sident du S\u00e9n\u00e9gal, Bassirou Faye, a \u00e9t\u00e9 d\u00e9sign\u00e9 Africain de l\u2019ann\u00e9e 2024 par le magazine African Leadership (ALM), pour \u201c<em>son r\u00f4le de leader au service du progr\u00e8s africain.\u201d<\/em>&nbsp;Cette distinction, annonc\u00e9e dans un communiqu\u00e9 parvenu ce lundi \u00e0 APA, r\u00e9sulte d\u2019un processus de s\u00e9lection rigoureux incluant nominations publiques, pr\u00e9s\u00e9lection par un comit\u00e9 \u00e9ditorial, et un vote en ligne qui a mobilis\u00e9 un nombre record de participants \u00e0 travers le continent et au-del\u00e0.<\/p>\n\n\n\n<p>Le pr\u00e9sident Bassirou Faye partage cette reconnaissance avec d\u2019autres figures d\u2019envergure telles que le pr\u00e9sident malgache Andry Rajoelina, sacr\u00e9 Leader politique africain de l\u2019ann\u00e9e, et Jo\u00e3o Louren\u00e7o, pr\u00e9sident de l\u2019Angola, d\u00e9sign\u00e9 Leader africain de la paix et de la s\u00e9curit\u00e9.<\/p>\n\n\n\n<p>Dans sa d\u00e9claration, le Dr Ken Giami, \u00e9diteur en chef d\u2019African Leadership, a salu\u00e9 les contributions exceptionnelles des laur\u00e9ats, qualifiant leur leadership de \u00ab&nbsp;<em>force positive sur le continent<\/em>\u00ab&nbsp;.<\/p>\n\n\n\n<p>\u00ab&nbsp;<em>Chaque nomin\u00e9 est un gagnant, mais ces laur\u00e9ats se sont d\u00e9marqu\u00e9s par leur engagement ind\u00e9fectible \u00e0 faire progresser l\u2019Afrique. Nous sommes fiers de c\u00e9l\u00e9brer leur impact<\/em>\u00ab&nbsp;, a-t-il d\u00e9clar\u00e9.<\/p>\n\n\n\n<p>Pour Bassirou Faye, cette reconnaissance vient confirmer sa vision et ses efforts pour propulser le S\u00e9n\u00e9gal comme un mod\u00e8le de d\u00e9veloppement et d\u2019int\u00e9gration r\u00e9gionale.<\/p>\n\n\n\n<p>Le pr\u00e9sident s\u00e9n\u00e9galais a r\u00e9cemment renforc\u00e9 son positionnement sur les questions d\u2019autonomisation \u00e9conomique et de s\u00e9curit\u00e9 alimentaire, des domaines salu\u00e9s par le magazine comme \u00e9tant cruciaux pour le progr\u00e8s du continent.<\/p>\n\n\n\n<p>Les distinctions seront officiellement remises lors de la 14\u1d49 \u00e9dition annuelle de la c\u00e9r\u00e9monie des Personnalit\u00e9s de l\u2019ann\u00e9e (POTY) d\u2019African Leadership, pr\u00e9vue les 27 et 28 f\u00e9vrier 2025 \u00e0 Casablanca, au Maroc.<\/p>\n\n\n\n<p>L\u2019\u00e9v\u00e9nement, qui rassemble chaque ann\u00e9e des leaders du secteur public et priv\u00e9, sera marqu\u00e9 par des tables rondes de haut niveau, des pr\u00e9sentations sur les opportunit\u00e9s d\u2019investissement, et des sessions de r\u00e9seautage.<\/p>\n\n\n\n<p>Avec plus de 400 participants attendus, cette rencontre s\u2019impose comme une plateforme unique pour c\u00e9l\u00e9brer un leadership panafricain ax\u00e9 sur les solutions aux d\u00e9fis majeurs du continent.<\/p>\n\n\n\n<p><strong>Un palmar\u00e8s prestigieux<\/strong><\/p>\n\n\n\n<p>Outre Bassirou Faye, d\u2019autres figures africaines ont \u00e9t\u00e9 honor\u00e9es dans diff\u00e9rentes cat\u00e9gories :<\/p>\n\n\n\n<p>Robinah Nabbanja, Premi\u00e8re ministre ougandaise, co-laur\u00e9ate dans la cat\u00e9gorie Femme leader africaine de l\u2019ann\u00e9e.<\/p>\n\n\n\n<p>Mandefro Nigussie, PDG de l\u2019Agence de transformation agricole d\u2019\u00c9thiopie, reconnu comme Leader en d\u00e9veloppement agricole.<\/p>\n\n\n\n<p>Bridgette Motsepe-Radebe, entrepreneuse sud-africaine, sacr\u00e9e Industrielle de l\u2019ann\u00e9e.<\/p>\n\n\n\n<p>SOURCE APA<\/p>\n","protected":false},"excerpt":{"rendered":"<p>En m\u00eame temps que Bassirou Diomaye Faye nomin\u00e9 Africain de l\u2019ann\u00e9e, d\u2019autres \u00e9minentes personnalit\u00e9s devraient se retrouver \u00e0 Casablanca, capitale<\/p>\n","protected":false},"author":1,"featured_media":42953,"comment_status":"open","ping_status":"open","sticky":false,"template":"","format":"standard","meta":{"footnotes":""},"categories":[6],"tags":[],"class_list":["post-48882","post","type-post","status-publish","format-standard","has-post-thumbnail","hentry","category-politics"],"_links":{"self":[{"href":"https:\/\/dekkbi.com\/index.php?rest_route=\/wp\/v2\/posts\/48882","targetHints":{"allow":["GET"]}}],"collection":[{"href":"https:\/\/dekkbi.com\/index.php?rest_route=\/wp\/v2\/posts"}],"about":[{"href":"https:\/\/dekkbi.com\/index.php?rest_route=\/wp\/v2\/types\/post"}],"author":[{"embeddable":true,"href":"https:\/\/dekkbi.com\/index.php?rest_route=\/wp\/v2\/users\/1"}],"replies":[{"embeddable":true,"href":"https:\/\/dekkbi.com\/index.php?rest_route=%2Fwp%2Fv2%2Fcomments&post=48882"}],"version-history":[{"count":1,"href":"https:\/\/dekkbi.com\/index.php?rest_route=\/wp\/v2\/posts\/48882\/revisions"}],"predecessor-version":[{"id":48883,"href":"https:\/\/dekkbi.com\/index.php?rest_route=\/wp\/v2\/posts\/48882\/revisions\/48883"}],"wp:featuredmedia":[{"embeddable":true,"href":"https:\/\/dekkbi.com\/index.php?rest_route=\/wp\/v2\/media\/42953"}],"wp:attachment":[{"href":"https:\/\/dekkbi.com\/index.php?rest_route=%2Fwp%2Fv2%2Fmedia&parent=48882"}],"wp:term":[{"taxonomy":"category","embeddable":true,"href":"https:\/\/dekkbi.com\/index.php?rest_route=%2Fwp%2Fv2%2Fcategories&post=48882"},{"taxonomy":"post_tag","embeddable":true,"href":"https:\/\/dekkbi.com\/index.php?rest_route=%2Fwp%2Fv2%2Ftags&post=48882"}],"curies":[{"name":"wp","href":"https:\/\/api.w.org\/{rel}","templated":true}]}}