{"id":4887,"date":"2022-12-16T13:30:03","date_gmt":"2022-12-16T13:30:03","guid":{"rendered":"https:\/\/dekkbi.com\/?p=4887"},"modified":"2022-12-16T13:30:05","modified_gmt":"2022-12-16T13:30:05","slug":"coupe-du-monde-2022-equipe-de-france-didier-deschamps-a-une-dent-contre-karim-benzema","status":"publish","type":"post","link":"https:\/\/dekkbi.com\/?p=4887","title":{"rendered":"Coupe du Monde 2022, \u00c9quipe de France: Didier Deschamps a une dent contre Karim Benzema"},"content":{"rendered":"\n<p>Alors que le cas Karim Benzema continue \u00e0 enflammer la presse et les d\u00e9bats, on en apprend plus sur les relations entre l\u2019attaquant tricolore et son s\u00e9lectionneur.<\/p>\n\n\n\n<p>Karim Benzema est presque en train de voler la vedette aux Bleus. Depuis plusieurs jours, le cas de l\u2019attaquant tricolore enflamme les d\u00e9bats et les m\u00e9dias fran\u00e7ais, comme \u00e9trangers. Ce, alors que ses co\u00e9quipiers se sont qualifi\u00e9s pour la finale de la Coupe du Monde 2022. Un tournoi qu\u2019il aurait d\u00fb jouer. Mais le 19 novembre dernier, l\u2019ancien joueur de l\u2019OL a d\u00e9clar\u00e9 forfait, lui qui a \u00e9t\u00e9 touch\u00e9 au quadriceps de la cuisse gauche en courant seul lors d\u2019un entra\u00eenement. Un coup dur pour le Ballon d\u2019Or 2022 qui souhaitait jouer \u00e0 tout prix ce Mondial et remporter un titre majeur avec les Bleus.<\/p>\n\n\n\n<p>Dimanche soir, il pourrait malgr\u00e9 tout devenir champion du monde, si la France r\u00e9ussit \u00e0 battre l\u2019Argentine. Bien qu\u2019il n\u2019ait pas pu jouer un match, KB9 figure toujours dans la liste des 26 Bleus retenus par Didier Deschamps. Apr\u00e8s sa blessure, il n\u2019a pas \u00e9t\u00e9 remplac\u00e9 dans le groupe tricolore. Sans jouer donc, le footballeur de 34 ans pourrait \u00e9toffer son palmar\u00e8s d\u2019un titre mondial. Benzema, qui a envoy\u00e9 des messages de soutien aux Tricolores sur les r\u00e9seaux sociaux, pourrait faire le voyage au Qatar pour soulever la Coupe du Monde avec eux. Le Pr\u00e9sident de la R\u00e9publique, Emmanuel Macron, compte l\u2019emmener, lui et les autres joueurs bless\u00e9s (Pogba, Lucas Hernandez, Nkunku, Kant\u00e9, Kimpembe) au Qatar dimanche soir.<\/p>\n\n\n\n<h3 class=\"wp-block-heading\">DD et Benzema, une relation peu \u00e9vidente<\/h3>\n\n\n\n<p>Si pour certains cela para\u00eet difficile puisque les clubs refusent de les lib\u00e9rer, le Real Madrid a autoris\u00e9 Benzema \u00e0 se rendre au Qatar dimanche si jamais il le souhaite. Mais le joueur, qui a rejou\u00e9 hier avec les Merengues en amical face \u00e0 Legan\u00e9s, n\u2019a pas encore tranch\u00e9.&nbsp;<em>Relevo<\/em>&nbsp;a r\u00e9v\u00e9l\u00e9 hier que l\u2019avant-centre avait \u00e9t\u00e9 vex\u00e9 par le manque d\u2019int\u00e9r\u00eat de la FFF \u00e0 son \u00e9gard et par les d\u00e9clarations de Didier Deschamps le concernant. Questionn\u00e9 \u00e0 plusieurs reprises sur le joueur durant le tournoi, l\u2019entra\u00eeneur des Bleus a souvent bott\u00e9 en touche et a m\u00eame \u00e9t\u00e9 parfois agac\u00e9. Cela a \u00e9t\u00e9 le cas mercredi soir lorsqu\u2019un journaliste lui a pos\u00e9 une question sur le Nueve.<\/p>\n\n\n\n<p><em>\u00abJe ne pr\u00e9f\u00e8re pas r\u00e9pondre. Question suivante\u00bb<\/em>, a-t-il l\u00e2ch\u00e9 un brin \u00e9nerv\u00e9. De quoi enflammer les m\u00e9dias. Ce vendredi d\u2019ailleurs,\u00a0<em>L\u2019\u00c9quipe<\/em>\u00a0revient sur le sujet. Le quotidien sportif explique que les relations entre Deschamps et Benzema n\u2019ont jamais \u00e9t\u00e9 \u00ab\u00a0complices\u00a0\u00bb et qu\u2019elles ne le seront jamais. D\u2019ailleurs, DD a une dent contre son joueur, qui ne l\u2019avait pas remerci\u00e9 lors de son discours au moment de la remise de son Ballon d\u2019Or. Pr\u00e9sent dans la salle ce jour-l\u00e0, le coach des Bleus avait moyennement appr\u00e9ci\u00e9 cela. De plus,\u00a0<em>L\u2019\u00c9quipe<\/em>\u00a0rappelle que KB9, bien qu\u2019il soit proche de certains joueurs, ne fait pas l\u2019unanimit\u00e9 dans le vestiaire tricolore, qui a bien v\u00e9cu son absence. Ambiance.<\/p>\n","protected":false},"excerpt":{"rendered":"<p>Alors que le cas Karim Benzema continue \u00e0 enflammer la presse et les d\u00e9bats, on en apprend plus sur les<\/p>\n","protected":false},"author":1,"featured_media":4888,"comment_status":"open","ping_status":"open","sticky":false,"template":"","format":"standard","meta":{"footnotes":""},"categories":[9],"tags":[],"class_list":["post-4887","post","type-post","status-publish","format-standard","has-post-thumbnail","hentry","category-sports"],"_links":{"self":[{"href":"https:\/\/dekkbi.com\/index.php?rest_route=\/wp\/v2\/posts\/4887","targetHints":{"allow":["GET"]}}],"collection":[{"href":"https:\/\/dekkbi.com\/index.php?rest_route=\/wp\/v2\/posts"}],"about":[{"href":"https:\/\/dekkbi.com\/index.php?rest_route=\/wp\/v2\/types\/post"}],"author":[{"embeddable":true,"href":"https:\/\/dekkbi.com\/index.php?rest_route=\/wp\/v2\/users\/1"}],"replies":[{"embeddable":true,"href":"https:\/\/dekkbi.com\/index.php?rest_route=%2Fwp%2Fv2%2Fcomments&post=4887"}],"version-history":[{"count":1,"href":"https:\/\/dekkbi.com\/index.php?rest_route=\/wp\/v2\/posts\/4887\/revisions"}],"predecessor-version":[{"id":4889,"href":"https:\/\/dekkbi.com\/index.php?rest_route=\/wp\/v2\/posts\/4887\/revisions\/4889"}],"wp:featuredmedia":[{"embeddable":true,"href":"https:\/\/dekkbi.com\/index.php?rest_route=\/wp\/v2\/media\/4888"}],"wp:attachment":[{"href":"https:\/\/dekkbi.com\/index.php?rest_route=%2Fwp%2Fv2%2Fmedia&parent=4887"}],"wp:term":[{"taxonomy":"category","embeddable":true,"href":"https:\/\/dekkbi.com\/index.php?rest_route=%2Fwp%2Fv2%2Fcategories&post=4887"},{"taxonomy":"post_tag","embeddable":true,"href":"https:\/\/dekkbi.com\/index.php?rest_route=%2Fwp%2Fv2%2Ftags&post=4887"}],"curies":[{"name":"wp","href":"https:\/\/api.w.org\/{rel}","templated":true}]}}