{"id":48864,"date":"2024-12-17T11:18:44","date_gmt":"2024-12-17T11:18:44","guid":{"rendered":"https:\/\/dekkbi.com\/?p=48864"},"modified":"2024-12-17T11:18:45","modified_gmt":"2024-12-17T11:18:45","slug":"la-priorite-est-de-reconstruire-rencontre-avec-ahmed-al-charaa-nouveau-leader-de-la-syrie","status":"publish","type":"post","link":"https:\/\/dekkbi.com\/?p=48864","title":{"rendered":"\u00ab\u00a0La priorit\u00e9 est de reconstruire\u00a0\u00bb\u00a0: rencontre avec Ahmed al-Charaa, nouveau leader de la Syrie"},"content":{"rendered":"\n<p>Le chef de la coalition qui a pris le pouvoir en Syrie, Ahmed al-Charaa, a exhort\u00e9 la communaut\u00e9 internationale lundi \u00e0 la lev\u00e9e des sanctions internationales pour permettre au pays de se reconstruire, lors d&rsquo;une rencontre avec la presse \u00e9trang\u00e8re, \u00e0 laquelle France 24 a pu participer.\u00a0Pendant pr\u00e8s d&rsquo;une heure, ce dernier \u00e0 r\u00e9pondu \u00e0 des questions sur l&rsquo;avenir de l&rsquo;\u00c9tat, l&rsquo;arm\u00e9e, les rapports avec les pays voisins ou encore sur ses attentes vis \u00e0 vis de la communaut\u00e9 internationale.\u00a0<\/p>\n\n\n\n<p>Pr\u00e8s de dix jours apr\u00e8s la chute de\u00a0Bachar al-Assad, Ahmed al-Charaa [connu sous son nom de guerre, Abou Mohammed al-Joulani], le chef de la coalition rebelle qui a pris le pouvoir en\u00a0Syrie, veut donner des gages. Alors que des d\u00e9l\u00e9gations diplomatiques britanniques et fran\u00e7aises se rendent depuis lundi 16 d\u00e9cembre \u00e0 Damas, le nouveau leader de la Syrie a exhort\u00e9\u00a0la communaut\u00e9 internationale \u00e0 lever les sanctions impos\u00e9es au pays, d\u00e9clarant dans une rencontre avec la presse \u00e9trang\u00e8re \u00ab\u00a0que toutes les contraintes devaient \u00eatre lev\u00e9es pour que la Syrie puisse se reconstruire.\u00a0\u00bb En \u00e9change, il s&rsquo;est engag\u00e9 \u00e0 dissoudre les diff\u00e9rentes factions combattantes pr\u00e9sentes dans le pays et \u00e0 les int\u00e9grer dans l&rsquo;arm\u00e9e.<\/p>\n\n\n\n<p>Wassim Nasr, sp\u00e9cialiste des mouvements jihadistes \u00e0 France 24, a pu rencontrer \u00e0 Damas le nouveau leader de la Syrie au cours de cette rencontre avec la presse \u00e9trang\u00e8re, au si\u00e8ge du gouvernement syrien. Pendant pr\u00e8s d&rsquo;une heure, ce dernier \u00e0 r\u00e9pondu \u00e0 des questions sur l&rsquo;avenir de l&rsquo;\u00c9tat, l&rsquo;arm\u00e9e, les rapports avec les pays voisins ou encore sur ses attentes vis-\u00e0-vis de la communaut\u00e9 internationale.&nbsp;<\/p>\n\n\n\n<p>\u00ab\u00a0Ahmed al-Charaa demande la lev\u00e9e des sanctions car, selon lui, les Syriens subissent des sanctions qui \u00e9taient impos\u00e9s \u00e0 un dictateur qui n&rsquo;est plus l\u00e0\u00a0\u00bb, r\u00e9sume&nbsp;Wassim Nasr, qui a pu particip\u00e9 \u00e0 cette rencontre de pr\u00e8s d&rsquo;une heure.<\/p>\n\n\n\n<p><em>De notre envoy\u00e9 sp\u00e9cial \u00e0 Damas <\/em> &#8211; FRANCE24<\/p>\n","protected":false},"excerpt":{"rendered":"<p>Le chef de la coalition qui a pris le pouvoir en Syrie, Ahmed al-Charaa, a exhort\u00e9 la communaut\u00e9 internationale lundi<\/p>\n","protected":false},"author":1,"featured_media":48865,"comment_status":"open","ping_status":"open","sticky":false,"template":"","format":"standard","meta":{"footnotes":""},"categories":[51],"tags":[],"class_list":["post-48864","post","type-post","status-publish","format-standard","has-post-thumbnail","hentry","category-general"],"_links":{"self":[{"href":"https:\/\/dekkbi.com\/index.php?rest_route=\/wp\/v2\/posts\/48864","targetHints":{"allow":["GET"]}}],"collection":[{"href":"https:\/\/dekkbi.com\/index.php?rest_route=\/wp\/v2\/posts"}],"about":[{"href":"https:\/\/dekkbi.com\/index.php?rest_route=\/wp\/v2\/types\/post"}],"author":[{"embeddable":true,"href":"https:\/\/dekkbi.com\/index.php?rest_route=\/wp\/v2\/users\/1"}],"replies":[{"embeddable":true,"href":"https:\/\/dekkbi.com\/index.php?rest_route=%2Fwp%2Fv2%2Fcomments&post=48864"}],"version-history":[{"count":1,"href":"https:\/\/dekkbi.com\/index.php?rest_route=\/wp\/v2\/posts\/48864\/revisions"}],"predecessor-version":[{"id":48866,"href":"https:\/\/dekkbi.com\/index.php?rest_route=\/wp\/v2\/posts\/48864\/revisions\/48866"}],"wp:featuredmedia":[{"embeddable":true,"href":"https:\/\/dekkbi.com\/index.php?rest_route=\/wp\/v2\/media\/48865"}],"wp:attachment":[{"href":"https:\/\/dekkbi.com\/index.php?rest_route=%2Fwp%2Fv2%2Fmedia&parent=48864"}],"wp:term":[{"taxonomy":"category","embeddable":true,"href":"https:\/\/dekkbi.com\/index.php?rest_route=%2Fwp%2Fv2%2Fcategories&post=48864"},{"taxonomy":"post_tag","embeddable":true,"href":"https:\/\/dekkbi.com\/index.php?rest_route=%2Fwp%2Fv2%2Ftags&post=48864"}],"curies":[{"name":"wp","href":"https:\/\/api.w.org\/{rel}","templated":true}]}}