{"id":48817,"date":"2024-12-17T10:17:12","date_gmt":"2024-12-17T10:17:12","guid":{"rendered":"https:\/\/dekkbi.com\/?p=48817"},"modified":"2024-12-17T10:17:13","modified_gmt":"2024-12-17T10:17:13","slug":"cooperation-madrid-aminata-toure-recue-par-le-roi-despagne-felipe-vi","status":"publish","type":"post","link":"https:\/\/dekkbi.com\/?p=48817","title":{"rendered":"COOPERATION &#8211; Madrid : Aminata Tour\u00e9 re\u00e7ue par le roi d\u2019Espagne Felipe VI"},"content":{"rendered":"\n<p>En ao\u00fbt dernier, le Premier ministre espagnol, Pedro S\u00e1nchez, a effectu\u00e9 une visite officielle de trois jours au S\u00e9n\u00e9gal, marqu\u00e9e par des \u00e9changes importants sur le renforcement de la coop\u00e9ration migratoire entre les deux nations. \u00c0 cette occasion, le Premier ministre espagnol a transmis une invitation du roi d\u2019Espagne, Felipe VI, au pr\u00e9sident de la R\u00e9publique du S\u00e9n\u00e9gal, Bassirou Diomaye Faye, pour effectuer une visite officielle en Espagne.<\/p>\n\n\n\n<p>En attendant cette visite, c\u2019est la haute repr\u00e9sentante espagnole, Aminata Tour\u00e9, qui a \u00e9t\u00e9 re\u00e7ue par le souverain espagnol le 16 d\u00e9cembre au Palais royal de Madrid, en pr\u00e9sence du Club de Madrid. Cette rencontre fait suite \u00e0 la participation d\u2019Aminata Tour\u00e9, ancienne Premi\u00e8re ministre du S\u00e9n\u00e9gal, \u00e0 l\u2019Imperial Springs International Forum \u00e0 Madrid les 11 et 12 d\u00e9cembre, un \u00e9v\u00e9nement organis\u00e9 par l\u2019Association du peuple chinois pour l\u2019amiti\u00e9 avec les pays \u00e9trangers et le Club de Madrid.<\/p>\n\n\n\n<p>Lors de cet \u00e9v\u00e9nement, Aminata Tour\u00e9 a pris la parole en faveur du continent africain. Elle a insist\u00e9 sur la n\u00e9cessit\u00e9 pour l\u2019Afrique d\u2019adopter une ambition similaire \u00e0 celle de la Chine, en visant l\u2019\u00e9limination de la pauvret\u00e9 dans un d\u00e9lai court. Elle a soulign\u00e9 que, si les \u00e9conomies africaines \u00e9taient unies, l\u2019Afrique repr\u00e9senterait la 8e \u00e9conomie mondiale, mettant ainsi en \u00e9vidence l\u2019importance cruciale de l\u2019unit\u00e9 africaine pour le d\u00e9veloppement \u00e9conomique du continent.<\/p>\n\n\n\n<p>SOURCE LEQOLEIL<\/p>\n","protected":false},"excerpt":{"rendered":"<p>En ao\u00fbt dernier, le Premier ministre espagnol, Pedro S\u00e1nchez, a effectu\u00e9 une visite officielle de trois jours au S\u00e9n\u00e9gal, marqu\u00e9e<\/p>\n","protected":false},"author":1,"featured_media":48818,"comment_status":"open","ping_status":"open","sticky":false,"template":"","format":"standard","meta":{"footnotes":""},"categories":[6],"tags":[],"class_list":["post-48817","post","type-post","status-publish","format-standard","has-post-thumbnail","hentry","category-politics"],"_links":{"self":[{"href":"https:\/\/dekkbi.com\/index.php?rest_route=\/wp\/v2\/posts\/48817","targetHints":{"allow":["GET"]}}],"collection":[{"href":"https:\/\/dekkbi.com\/index.php?rest_route=\/wp\/v2\/posts"}],"about":[{"href":"https:\/\/dekkbi.com\/index.php?rest_route=\/wp\/v2\/types\/post"}],"author":[{"embeddable":true,"href":"https:\/\/dekkbi.com\/index.php?rest_route=\/wp\/v2\/users\/1"}],"replies":[{"embeddable":true,"href":"https:\/\/dekkbi.com\/index.php?rest_route=%2Fwp%2Fv2%2Fcomments&post=48817"}],"version-history":[{"count":1,"href":"https:\/\/dekkbi.com\/index.php?rest_route=\/wp\/v2\/posts\/48817\/revisions"}],"predecessor-version":[{"id":48819,"href":"https:\/\/dekkbi.com\/index.php?rest_route=\/wp\/v2\/posts\/48817\/revisions\/48819"}],"wp:featuredmedia":[{"embeddable":true,"href":"https:\/\/dekkbi.com\/index.php?rest_route=\/wp\/v2\/media\/48818"}],"wp:attachment":[{"href":"https:\/\/dekkbi.com\/index.php?rest_route=%2Fwp%2Fv2%2Fmedia&parent=48817"}],"wp:term":[{"taxonomy":"category","embeddable":true,"href":"https:\/\/dekkbi.com\/index.php?rest_route=%2Fwp%2Fv2%2Fcategories&post=48817"},{"taxonomy":"post_tag","embeddable":true,"href":"https:\/\/dekkbi.com\/index.php?rest_route=%2Fwp%2Fv2%2Ftags&post=48817"}],"curies":[{"name":"wp","href":"https:\/\/api.w.org\/{rel}","templated":true}]}}