{"id":48814,"date":"2024-12-17T10:09:54","date_gmt":"2024-12-17T10:09:54","guid":{"rendered":"https:\/\/dekkbi.com\/?p=48814"},"modified":"2024-12-17T10:22:24","modified_gmt":"2024-12-17T10:22:24","slug":"validation-des-medias-sall-remise-en-cause","status":"publish","type":"post","link":"https:\/\/dekkbi.com\/?p=48814","title":{"rendered":"Validation des m\u00e9dias: SALL REMISE EN CAUSE"},"content":{"rendered":"\n<p><strong>Au sein de son minist\u00e8re, comme au Cnra, les d\u00e9cisions du ministre de la Communication de ne pas reconna\u00eetre des entreprises de presse ne font pas que des heureux. Il lui est reproch\u00e9 de passer outre les dispositions du Code de la presse en privant le Cnra de son pouvoir de d\u00e9cision en la mati\u00e8re.\u00a0<\/strong><\/p>\n\n\n\n<p>La mise en place de la Commission d\u2019examen et de validation de la D\u00e9claration des entreprises de presse du S\u00e9n\u00e9gal, qui est en train de bousculer le paysage m\u00e9diatique au S\u00e9n\u00e9gal, menace de cr\u00e9er des dissensions entre le Minist\u00e8re de la Commu\u00adnication, des t\u00e9l\u00e9communications et du num\u00e9rique (Mctn), le Conseil national de r\u00e9gulation de l\u2019audiovisuel (Cnra) et au sein du personnel du Mctn, en particulier certains proches collaborateurs du ministre Alioune Sall.<\/p>\n\n\n\n<p>En effet, des collaborateurs du ministre ont, semble-t-il, commenc\u00e9 \u00e0 exprimer leur m\u00e9contentement quant \u00e0 la mani\u00e8re dont le processus de r\u00e9gularisation des organes de presse est men\u00e9 par leur d\u00e9partement. Ils trouvent que l\u2019autorit\u00e9 de tutelle serait en train de s\u2019arroger des droits qui ne lui seraient pas reconnus, notamment par le Code de la presse. Ces personnes se disent confort\u00e9es par des re\u00admarques qu\u2019aurait faites le pr\u00e9sident du Cnra, dans un courrier adress\u00e9 \u00e0 son ministre de tutelle. Ledit courrier aurait \u00e9galement point\u00e9 le fait que \u00abl\u2019arr\u00eat\u00e9 n\u00b0 024462 du 1er octobre 2024 portant cr\u00e9ation et fixant l\u2019organisation et le fonctionnement de la Commission d\u2019examen et de validation de la D\u00e9claration des entreprises de presse du S\u00e9n\u00e9gal viole le Code de la presse\u00bb.<\/p>\n\n\n\n<p>Le courrier du Cnra portait principalement sur le volet des m\u00e9dias audiovisuels, mais les agents du minist\u00e8re, qui ont exprim\u00e9 leurs \u00e9tats d\u2019\u00e2me, n\u2019ont pas cach\u00e9 que la situation n\u2019est pas meilleure en ce qui concerne la presse \u00e9crite, o\u00f9 des probl\u00e8mes similaires se posent. Tout le monde constate que le minist\u00e8re a voulu doter la commission de r\u00e9gulation de \u00abpouvoirs exorbitants qui la placent au-dessus des organes de r\u00e9gulation de la presse que sont le Cnra et le Cored\u00bb. S\u2019il est manifeste que le Cored semble se d\u00e9sint\u00e9resser du sort des organes de presse et des journalistes qui y travaillent, le Cnra, lui, semble d\u00e9terminer \u00e0 ne pas laisser rogner le peu de pouvoirs que lui reconna\u00eet la loi.<\/p>\n\n\n\n<p>Ils mettent en charge notamment, l\u2019art 2 de l\u2019arr\u00eat\u00e9, qui dispose que les dossiers valid\u00e9s par la commission sont soumis au Mctn pour qu\u2019il d\u00e9livre une attestation avec un num\u00e9ro d\u2019identification unique, valant reconnaissance l\u00e9gale. Pour ces fonctionnaires, ce faisant, cet arr\u00eat\u00e9 saute les pouvoirs du Cnra et viole les dispositions du Code de la presse. Le Cnra, dans le courrier cit\u00e9 plus haut, avait d\u2019ailleurs tenu \u00e0 rappeler lesdites dispositions en disant\u00a0:\u00a0\u00abLe minist\u00e8re charg\u00e9 de la Communication et l\u2019organe de r\u00e9gulation sont les seules structures habilit\u00e9es \u00e0 intervenir dans la reconnaissance l\u00e9gale des entreprises de communication audiovisuelle.<\/p>\n\n\n\n<p>Au minist\u00e8re, revient la pr\u00e9rogative d\u2019accorder l\u2019autorisation, apr\u00e8s avis conforme de l\u2019organe de r\u00e9gulation. Quant \u00e0 l\u2019organe de r\u00e9gulation, il est investi des missions d\u2019instruire les demandes d\u2019autorisation, de donner un avis con\u00adforme, d\u2019\u00e9laborer les cahiers des charges des acteurs de la cha\u00eene de valeur de la communication audiovisuelle et de pr\u00e9\u00e9tablir et de signer les conventions avec les \u00e9diteurs, diffuseurs et distributeurs.\u00bb<\/p>\n\n\n\n<p>Le courrier du Cnra, que les services du minist\u00e8re ont fait fuiter, recommande donc \u00e0 M. Alioune Sall \u00abde rapporter l\u2019arr\u00eat\u00e9 n\u00b0 024462 du 1er octobre 2024 portant cr\u00e9ation et fixant l\u2019organisation et le fonctionnement de la Commission d\u2019examen et de validation de la D\u00e9claration des entreprises de presse du S\u00e9n\u00e9gal\u00a0ou de le reprendre ou de surseoir \u00e0 son application\u00bb. En plus de cela, le r\u00e9gulateur de l\u2019audiovisuel sugg\u00e8re \u00abd\u2019autoriser les entreprises de presse dont les conventions avec l\u2019organe de r\u00e9gulation ont \u00e9t\u00e9 sign\u00e9es, conform\u00e9ment \u00e0 l\u2019article 147 du Code de la presse\u00bb, qui dispose : \u00abLe ministre charg\u00e9 de la Communication d\u00e9livre d\u2019office une licence d\u2019exploitation aux \u00e9diteurs de services de communication audiovisuelle d\u00e9j\u00e0 existants, sous r\u00e9serve de la signature d\u2019une nouvelle convention avec l\u2019organe de r\u00e9gulation\u00bb. Il reste \u00e0 savoir si le ministre de la Communication et ses services, qui sont all\u00e9s d\u00e9j\u00e0 assez loin dans leur entreprise de destruction, sauront mettre la p\u00e9dale douce avant que la bronca n\u2019atteigne de fortes ampleurs.<\/p>\n\n\n\n<p><strong>Par M. G. <\/strong> &#8211; <strong>mgueye@lequotidien.sn<\/strong><\/p>\n","protected":false},"excerpt":{"rendered":"<p>Au sein de son minist\u00e8re, comme au Cnra, les d\u00e9cisions du ministre de la Communication de ne pas reconna\u00eetre des<\/p>\n","protected":false},"author":1,"featured_media":48815,"comment_status":"open","ping_status":"open","sticky":false,"template":"","format":"standard","meta":{"footnotes":""},"categories":[21],"tags":[],"class_list":["post-48814","post","type-post","status-publish","format-standard","has-post-thumbnail","hentry","category-societe"],"_links":{"self":[{"href":"https:\/\/dekkbi.com\/index.php?rest_route=\/wp\/v2\/posts\/48814","targetHints":{"allow":["GET"]}}],"collection":[{"href":"https:\/\/dekkbi.com\/index.php?rest_route=\/wp\/v2\/posts"}],"about":[{"href":"https:\/\/dekkbi.com\/index.php?rest_route=\/wp\/v2\/types\/post"}],"author":[{"embeddable":true,"href":"https:\/\/dekkbi.com\/index.php?rest_route=\/wp\/v2\/users\/1"}],"replies":[{"embeddable":true,"href":"https:\/\/dekkbi.com\/index.php?rest_route=%2Fwp%2Fv2%2Fcomments&post=48814"}],"version-history":[{"count":1,"href":"https:\/\/dekkbi.com\/index.php?rest_route=\/wp\/v2\/posts\/48814\/revisions"}],"predecessor-version":[{"id":48816,"href":"https:\/\/dekkbi.com\/index.php?rest_route=\/wp\/v2\/posts\/48814\/revisions\/48816"}],"wp:featuredmedia":[{"embeddable":true,"href":"https:\/\/dekkbi.com\/index.php?rest_route=\/wp\/v2\/media\/48815"}],"wp:attachment":[{"href":"https:\/\/dekkbi.com\/index.php?rest_route=%2Fwp%2Fv2%2Fmedia&parent=48814"}],"wp:term":[{"taxonomy":"category","embeddable":true,"href":"https:\/\/dekkbi.com\/index.php?rest_route=%2Fwp%2Fv2%2Fcategories&post=48814"},{"taxonomy":"post_tag","embeddable":true,"href":"https:\/\/dekkbi.com\/index.php?rest_route=%2Fwp%2Fv2%2Ftags&post=48814"}],"curies":[{"name":"wp","href":"https:\/\/api.w.org\/{rel}","templated":true}]}}