{"id":48800,"date":"2024-12-17T09:30:34","date_gmt":"2024-12-17T09:30:34","guid":{"rendered":"https:\/\/dekkbi.com\/?p=48800"},"modified":"2024-12-17T10:41:46","modified_gmt":"2024-12-17T10:41:46","slug":"electricite-le-gouvernement-ne-travaille-pas-a-laugmentation-du-prix-birame-souleye-diop-ministre-de-lenergie","status":"publish","type":"post","link":"https:\/\/dekkbi.com\/?p=48800","title":{"rendered":"\u00c9lectricit\u00e9 : \u00able gouvernement ne travaille pas \u00e0 l\u2019augmentation du prix\u2026\u00bb"},"content":{"rendered":"\n<p>Le ministre de l\u2019\u00e9nergie, du p\u00e9trole et des mines a manifest\u00e9 la volont\u00e9 du gouvernement d\u2019aller vers la r\u00e9duction des co\u00fbts de l\u2019\u00e9lectricit\u00e9. Au regard des recommandations des organisations internationales comme le Fmi qui a toujours encourag\u00e9 la suppression des subventions dans le secteur de l\u2019\u00e9nergie, les s\u00e9n\u00e9galais manifestent des craintes quant \u00e0 de possibles augmentations.<\/p>\n\n\n\n<p>Cependant, le ministre qui, lors de la r\u00e9union sur l\u2019alignement de la politique sectorielle \u00e0 l\u2019horizon 2025, a indiqu\u00e9 que les mesures sont prises pour all\u00e9ger la souffrance des s\u00e9n\u00e9galais qui peinent \u00e0 venir \u00e0 bout de leurs factures. \u00ab Depuis que nous sommes arriv\u00e9s \u00e0 la t\u00eate de ce minist\u00e8re, nous somme s en train de travailler avec nos \u00e9quipes afin de faire des propositions pour la r\u00e9duction du co\u00fbt de l\u2019\u00e9lectricit\u00e9. <\/p>\n\n\n\n<p>Aujourd\u2019hui que nous n\u2019avons pas encore le gaz s\u00e9n\u00e9galais, ni transform\u00e9 l\u2019int\u00e9gralit\u00e9 des centrales pour les faire fonctionner au gaz, nous avons pris l\u2019initiative , apr\u00e8s avoir fait l\u2019\u00e9tat des lieux, de travailler \u00e0 cette r\u00e9duction des co\u00fbts de l\u2019\u00e9lectricit\u00e9. En augmentant la production de la senelec, nous aurons plus \u00e0 r\u00e9pondre aux besoins des consommateurs. <\/p>\n\n\n\n<p>Non, le gouvernement ne travaille pas \u00e0 l\u2019augmentation du prix de l\u2019\u00e9lectricit\u00e9. Il est r\u00e9solument engag\u00e9 dans la r\u00e9duction des co\u00fbts \u00bb, a rassur\u00e9 le ministre Birame Souleye Diop.<\/p>\n\n\n\n<p>SOURCE DAKARACTU<\/p>\n","protected":false},"excerpt":{"rendered":"<p>Le ministre de l\u2019\u00e9nergie, du p\u00e9trole et des mines a manifest\u00e9 la volont\u00e9 du gouvernement d\u2019aller vers la r\u00e9duction des<\/p>\n","protected":false},"author":1,"featured_media":38656,"comment_status":"open","ping_status":"open","sticky":false,"template":"","format":"standard","meta":{"footnotes":""},"categories":[3],"tags":[],"class_list":["post-48800","post","type-post","status-publish","format-standard","has-post-thumbnail","hentry","category-event-more-news"],"_links":{"self":[{"href":"https:\/\/dekkbi.com\/index.php?rest_route=\/wp\/v2\/posts\/48800","targetHints":{"allow":["GET"]}}],"collection":[{"href":"https:\/\/dekkbi.com\/index.php?rest_route=\/wp\/v2\/posts"}],"about":[{"href":"https:\/\/dekkbi.com\/index.php?rest_route=\/wp\/v2\/types\/post"}],"author":[{"embeddable":true,"href":"https:\/\/dekkbi.com\/index.php?rest_route=\/wp\/v2\/users\/1"}],"replies":[{"embeddable":true,"href":"https:\/\/dekkbi.com\/index.php?rest_route=%2Fwp%2Fv2%2Fcomments&post=48800"}],"version-history":[{"count":4,"href":"https:\/\/dekkbi.com\/index.php?rest_route=\/wp\/v2\/posts\/48800\/revisions"}],"predecessor-version":[{"id":48839,"href":"https:\/\/dekkbi.com\/index.php?rest_route=\/wp\/v2\/posts\/48800\/revisions\/48839"}],"wp:featuredmedia":[{"embeddable":true,"href":"https:\/\/dekkbi.com\/index.php?rest_route=\/wp\/v2\/media\/38656"}],"wp:attachment":[{"href":"https:\/\/dekkbi.com\/index.php?rest_route=%2Fwp%2Fv2%2Fmedia&parent=48800"}],"wp:term":[{"taxonomy":"category","embeddable":true,"href":"https:\/\/dekkbi.com\/index.php?rest_route=%2Fwp%2Fv2%2Fcategories&post=48800"},{"taxonomy":"post_tag","embeddable":true,"href":"https:\/\/dekkbi.com\/index.php?rest_route=%2Fwp%2Fv2%2Ftags&post=48800"}],"curies":[{"name":"wp","href":"https:\/\/api.w.org\/{rel}","templated":true}]}}