{"id":48792,"date":"2024-12-17T09:19:08","date_gmt":"2024-12-17T09:19:08","guid":{"rendered":"https:\/\/dekkbi.com\/?p=48792"},"modified":"2024-12-17T09:19:08","modified_gmt":"2024-12-17T09:19:08","slug":"madiambal-diagne-apres-son-audition-a-la-su-je-parie-que-les-pv-de-mes-auditions-ne-fuiteront-pas","status":"publish","type":"post","link":"https:\/\/dekkbi.com\/?p=48792","title":{"rendered":"Madiambal Diagne apr\u00e8s son audition \u00e0 la SU: \u00ab Je parie que les Pv de mes auditions ne fuiteront pas ! \u00bb"},"content":{"rendered":"\n<p>Le patron du groupe \u00ab Avenir Communication \u00bb\u00e9t\u00e9 entendu, les vendredi 13 d\u00e9cembre 2024 et lundi 16 d\u00e9cembre 2024, par les enqu\u00eateurs de la Brigade de la S\u00fbret\u00e9 Urbaine de Dakar. Madiambal Diagne pr\u00e9cise au passage, qu\u2019il ne saura en aucune fa\u00e7on, participer \u00e0 la violation du \u00ab secret d\u2019une enqu\u00eate p\u00e9nale \u00bb. Sur le cas de la plainte du Premier ministre Ousmane Sonko, Madiambal Diagne indique que celui-ci estimait que ses propos, tenus lors d\u2019une \u00e9mission t\u00e9l\u00e9vis\u00e9e, \u00e9taient diffamatoires.<\/p>\n\n\n\n<p>\u00ab La proc\u00e9dure n\u2019avait pas \u00e9t\u00e9 enclench\u00e9e et pour cause. Mais apr\u00e8s que j\u2019ai d\u00e9clar\u00e9, \u00e0 l\u2019issue de ces \u00e9lections, prendre du recul, observer une pause concernant mes interventions publiques, d\u2019aucuns ont interpr\u00e9t\u00e9 cette nouvelle posture comme une d\u00e9robade. Ainsi, Ousmane Sonko a d\u00e9pos\u00e9 une nouvelle plainte pour diffamation, injures publiques, diffusion de fausses nouvelles et tenez-vous bien, \u00ab man\u0153uvres tendant \u00e0 provoquer des troubles politiques graves \u00bb. Les enqu\u00eateurs de la police ont joint les deux proc\u00e9dures. Il ressort, manifestement, que le sieur Sonko a voulu s\u2019\u00e9riger en Procureur de la R\u00e9publique. Aussi, les faits relev\u00e9s dans sa plainte pour \u00ab diffamation, injures publiques et diffusion de fausses nouvelles \u00bb, remontent aux ann\u00e9es 2022 et 2023 et sont, dans l\u2019absolu, couverts par la prescription p\u00e9nale. Les propos relev\u00e9s pour l\u2019ann\u00e9e 2024 ont \u00e9t\u00e9 tenus durant la campagne des \u00e9lections l\u00e9gislatives et ainsi couverts par l\u2019immunit\u00e9 donn\u00e9e aux candidats par les dispositions de l\u2019article L 117 du Code \u00e9lectoral s\u00e9n\u00e9galais. En tout \u00e9tat de cause, j\u2019ai assum\u00e9 l\u2019int\u00e9gralit\u00e9 des propos que j\u2019ai eu \u00e0 tenir et j\u2019ai apport\u00e9 aux enqu\u00eateurs toutes les pr\u00e9cisions factuelles n\u00e9cessaires \u00bb, a racont\u00e9 le journaliste qui dit parier que \u00ab la f\u00e2cheuse habitude de voir des proc\u00e8s-verbaux d\u2019enqu\u00eates p\u00e9nales, ouvertes contre des journalistes et des opposants politiques, \u00ab fuiter \u00bb dans certains m\u00e9dias proches du r\u00e9gime Pastef, ne sera pas de mise dans le cas d\u2019esp\u00e8ce \u00bb.&nbsp;<\/p>\n\n\n\n<p>Pour son audition ce lundi, il s\u2019agit&nbsp; pour Madiambal Diagne d\u2019une plainte de Mamadou Lamine Diop dit \u00ab Diop Ta\u00eff \u00bb, \u00ab membre du cabinet du Premier ministre Sonko \u00bb. Selon le journaliste, \u00ab le plaignant s\u2019offusque que, dans un post sur X, et il a apport\u00e9 son soutien, \u00e0 Abdou Nguer, victime de coups et blessures et qui a port\u00e9 plainte contre lui \u00bb. Madiambal ajoute qu\u2019Abdou Nguer avait post\u00e9 une vid\u00e9o, montrant ses blessures et indiquant avoir d\u00e9pos\u00e9 une plainte contre \u00ab Diop Ta\u00eff \u00bb, qui l\u2019a agress\u00e9 au couteau, au sortir d\u2019une \u00e9mission. \u00ab J\u2019ai r\u00e9pliqu\u00e9 \u00e0 la plainte de \u00ab Diop Ta\u00eff \u00bb, par une plainte pour \u00ab d\u00e9nonciation calomnieuse \u00bb, sur le fondement de l\u2019article 362 du Code p\u00e9nal s\u00e9n\u00e9galais. Cette plainte a \u00e9t\u00e9 d\u00e9pos\u00e9e \u00e0 la fin de mon audition \u00bb, a t-il rappel\u00e9.&nbsp;<\/p>\n\n\n\n<p>Madiambal informe par ailleurs, qu\u2019il a \u00e9t\u00e9 entendu ce lundi, sur une plainte d\u2019Abdoulaye Sylla, patron de l\u2019entreprise Ecotra devenu acteur politique. \u00ab Abdoulaye Sylla m\u2019a associ\u00e9 \u00e0 la plainte qu\u2019il a formul\u00e9e contre le Journal Le Quotidien, pour une publication du 6 ao\u00fbt 2024. Il est de notori\u00e9t\u00e9 publique que je ne suis ni le directeur de publication de ce journal encore moins l\u2019auteur de l\u2019article. Le fait de m\u2019associer \u00e0 la plainte constitue une v\u00e9ritable aberration.<\/p>\n\n\n\n<p>Il convient aussi de souligner selon l\u2019entrepreneur, que, \u00ab par la voix de son avocat, Me Demba Cir\u00e9 Bathily, l\u2019entreprise Ecotra, avait d\u00e9j\u00e0 us\u00e9 de son \u00ab droit de r\u00e9ponse \u00bb, dans l\u2019\u00e9dition du journal Le Quotidien du lendemain, le 7 ao\u00fbt 2024 \u00bb. \u00ab Cette plainte semble bien avoir d\u2019autres motivations. Je dois sinc\u00e8rement dire que cela m\u2019attriste beaucoup. Abdoulaye Sylla a pu passer pour un ami. Au nom de notre guide religieux commun, le d\u00e9funt Serigne Saliou Mback\u00e9, il lui arrivait de m\u2019envoyer parfois un mouton \u00e0 l\u2019occasion de la Tabaski ou un taureau pour le Magal de Touba. Assur\u00e9ment, la conjoncture politique, qui impose \u00e0 certains esprits faibles de chercher \u00e0 tout prix \u00e0 plaire \u00e0 Ousmane Sonko, peut dicter certaines postures indignes. Je ne me permettrai pas de porter plainte contre Abdoulaye Sylla. J\u2019en aurais honte \u00bb, conclut Madiambal Diagne dans cette note publi\u00e9e apr\u00e8s son audition ce lundi.<\/p>\n\n\n\n<p>SOURCE DAKARACTU<\/p>\n","protected":false},"excerpt":{"rendered":"<p>Le patron du groupe \u00ab Avenir Communication \u00bb\u00e9t\u00e9 entendu, les vendredi 13 d\u00e9cembre 2024 et lundi 16 d\u00e9cembre 2024, par<\/p>\n","protected":false},"author":1,"featured_media":17825,"comment_status":"open","ping_status":"open","sticky":false,"template":"","format":"standard","meta":{"footnotes":""},"categories":[26],"tags":[],"class_list":["post-48792","post","type-post","status-publish","format-standard","has-post-thumbnail","hentry","category-fait-divers"],"_links":{"self":[{"href":"https:\/\/dekkbi.com\/index.php?rest_route=\/wp\/v2\/posts\/48792","targetHints":{"allow":["GET"]}}],"collection":[{"href":"https:\/\/dekkbi.com\/index.php?rest_route=\/wp\/v2\/posts"}],"about":[{"href":"https:\/\/dekkbi.com\/index.php?rest_route=\/wp\/v2\/types\/post"}],"author":[{"embeddable":true,"href":"https:\/\/dekkbi.com\/index.php?rest_route=\/wp\/v2\/users\/1"}],"replies":[{"embeddable":true,"href":"https:\/\/dekkbi.com\/index.php?rest_route=%2Fwp%2Fv2%2Fcomments&post=48792"}],"version-history":[{"count":1,"href":"https:\/\/dekkbi.com\/index.php?rest_route=\/wp\/v2\/posts\/48792\/revisions"}],"predecessor-version":[{"id":48793,"href":"https:\/\/dekkbi.com\/index.php?rest_route=\/wp\/v2\/posts\/48792\/revisions\/48793"}],"wp:featuredmedia":[{"embeddable":true,"href":"https:\/\/dekkbi.com\/index.php?rest_route=\/wp\/v2\/media\/17825"}],"wp:attachment":[{"href":"https:\/\/dekkbi.com\/index.php?rest_route=%2Fwp%2Fv2%2Fmedia&parent=48792"}],"wp:term":[{"taxonomy":"category","embeddable":true,"href":"https:\/\/dekkbi.com\/index.php?rest_route=%2Fwp%2Fv2%2Fcategories&post=48792"},{"taxonomy":"post_tag","embeddable":true,"href":"https:\/\/dekkbi.com\/index.php?rest_route=%2Fwp%2Fv2%2Ftags&post=48792"}],"curies":[{"name":"wp","href":"https:\/\/api.w.org\/{rel}","templated":true}]}}