{"id":48789,"date":"2024-12-17T09:17:32","date_gmt":"2024-12-17T09:17:32","guid":{"rendered":"https:\/\/dekkbi.com\/?p=48789"},"modified":"2024-12-17T09:17:32","modified_gmt":"2024-12-17T09:17:32","slug":"vote-de-la-motion-de-soutien-en-soutien-au-maire-barthelemy-toye-dias-la-police-empeche-lacces-a-lhotel-de-ville-de-dakar","status":"publish","type":"post","link":"https:\/\/dekkbi.com\/?p=48789","title":{"rendered":"Vote de la motion de soutien en soutien au maire Barthelemy Toye Dias : la police emp\u00eache l\u2019acc\u00e8s \u00e0 l\u2019h\u00f4tel de ville de Dakar"},"content":{"rendered":"\n<p><strong>Le vote de la motion de soutien au maire Barth\u00e9l\u00e9my Toye Dias annonc\u00e9 par le bureau municipal du conseil municipal de la ville de Dakar n\u2019a pas pu se tenir. D\u00e9ploy\u00e9e sur les lieux, la police a emp\u00each\u00e9 les adjoints au Maire de la ville de Dakar d\u2019acc\u00e9der \u00e0 l\u2019h\u00f4tel de ville de Dakar o\u00f9 devait se tenir la r\u00e9union du bureau municipal.<\/strong><\/p>\n\n\n\n<p>Le bureau municipal de la ville de Dakar a \u00e9chou\u00e9 hier, lundi 16 d\u00e9cembre \u00e0 faire adopter la motion de soutien qu\u2019il avait pr\u00e9vu en r\u00e9ponse \u00e0 la r\u00e9vocation de son maire Barth\u00e9l\u00e9my Toye Dias par le pr\u00e9fet de Dakar sur la base des dispositions de l\u2019article L.277 du Code \u00e9lectoral. Convoqu\u00e9s dans l\u2019apr\u00e8s-midi, les adjoints au Maire de la Ville de Dakar ont \u00e9t\u00e9 emp\u00each\u00e9s par la police d\u2019acc\u00e9der \u00e0 l\u2019h\u00f4tel de ville de Dakar o\u00f9 devait se tenir la r\u00e9union du bureau municipal. Dans un communiqu\u00e9 rendu public, la cellule de communication de la mairie a condamn\u00e9 \u00ab&nbsp;fermement ces agissements \u00bb qu\u2019elle assimile \u00e0 une \u00ab tentative inacceptable visant \u00e0 paralyser l\u2019administration municipale et \u00e0 d\u00e9stabiliser la gestion de la ville \u00bb.<\/p>\n\n\n\n<p>\u00abUne situation qui compromet la tenue du bureau municipal pr\u00e9vu aujourd\u2019hui et constitue une atteinte flagrante aux institutions d\u00e9mocratiques et aux droits des \u00e9lus locaux \u00bb, d\u00e9nonce la cellule de communication de la ville de Dakar qui pr\u00e9cise que Barth\u00e9l\u00e9my Dias reste et demeurera le maire de Dakar jusqu\u2019\u00e0 la fin de son mandat, en 2027 \u00bb.<\/p>\n\n\n\n<p>En effet, selon ces proches du maire de Dakar l\u2019objectif de ces agissements \u00ab c\u2019est de pr\u00e9parer le terrain \u00e0 l\u2019instauration d\u2019une d\u00e9l\u00e9gation sp\u00e9ciale pour retirer au peuple dakarois le choix qu\u2019il a souverainement exprim\u00e9 en 2022 \u00bb.&nbsp;Sous rapport, ils ont tenu \u00e0 pr\u00e9venir que \u00ab toute tentative visant \u00e0 court-circuiter la volont\u00e9 populaire ou \u00e0 porter atteinte \u00e0 la continuit\u00e9 des institutions de la ville de Dakar sera combattue avec d\u00e9termination \u00bb.<\/p>\n\n\n\n<p><strong>Nando Cabral GOMIS<\/strong><br>SUDQUOTIDIEN<\/p>\n","protected":false},"excerpt":{"rendered":"<p>Le vote de la motion de soutien au maire Barth\u00e9l\u00e9my Toye Dias annonc\u00e9 par le bureau municipal du conseil municipal<\/p>\n","protected":false},"author":1,"featured_media":48790,"comment_status":"open","ping_status":"open","sticky":false,"template":"","format":"standard","meta":{"footnotes":""},"categories":[21],"tags":[],"class_list":["post-48789","post","type-post","status-publish","format-standard","has-post-thumbnail","hentry","category-societe"],"_links":{"self":[{"href":"https:\/\/dekkbi.com\/index.php?rest_route=\/wp\/v2\/posts\/48789","targetHints":{"allow":["GET"]}}],"collection":[{"href":"https:\/\/dekkbi.com\/index.php?rest_route=\/wp\/v2\/posts"}],"about":[{"href":"https:\/\/dekkbi.com\/index.php?rest_route=\/wp\/v2\/types\/post"}],"author":[{"embeddable":true,"href":"https:\/\/dekkbi.com\/index.php?rest_route=\/wp\/v2\/users\/1"}],"replies":[{"embeddable":true,"href":"https:\/\/dekkbi.com\/index.php?rest_route=%2Fwp%2Fv2%2Fcomments&post=48789"}],"version-history":[{"count":1,"href":"https:\/\/dekkbi.com\/index.php?rest_route=\/wp\/v2\/posts\/48789\/revisions"}],"predecessor-version":[{"id":48791,"href":"https:\/\/dekkbi.com\/index.php?rest_route=\/wp\/v2\/posts\/48789\/revisions\/48791"}],"wp:featuredmedia":[{"embeddable":true,"href":"https:\/\/dekkbi.com\/index.php?rest_route=\/wp\/v2\/media\/48790"}],"wp:attachment":[{"href":"https:\/\/dekkbi.com\/index.php?rest_route=%2Fwp%2Fv2%2Fmedia&parent=48789"}],"wp:term":[{"taxonomy":"category","embeddable":true,"href":"https:\/\/dekkbi.com\/index.php?rest_route=%2Fwp%2Fv2%2Fcategories&post=48789"},{"taxonomy":"post_tag","embeddable":true,"href":"https:\/\/dekkbi.com\/index.php?rest_route=%2Fwp%2Fv2%2Ftags&post=48789"}],"curies":[{"name":"wp","href":"https:\/\/api.w.org\/{rel}","templated":true}]}}