{"id":48752,"date":"2024-12-16T11:16:43","date_gmt":"2024-12-16T11:16:43","guid":{"rendered":"https:\/\/dekkbi.com\/?p=48752"},"modified":"2024-12-16T11:34:49","modified_gmt":"2024-12-16T11:34:49","slug":"plan-machiavelique-severe-mise-en-garde-lambassadeur-de-france-en-algerie-convoque-pour-des-accusations-de-destabilisation-du-pays","status":"publish","type":"post","link":"https:\/\/dekkbi.com\/?p=48752","title":{"rendered":"L&rsquo;ambassadeur de France en Alg\u00e9rie convoqu\u00e9"},"content":{"rendered":"\n<p>Plusieurs grands m\u00e9dias alg\u00e9riens rapportent une \u00ab\u00a0s\u00e9v\u00e8re mise en garde\u00a0\u00bb \u00e0 la France, accus\u00e9e d&rsquo;avoir men\u00e9 \u00ab\u00a0des op\u00e9rations et man\u0153uvres agressives ciblant des institutions de la R\u00e9publique alg\u00e9rienne dans le but \u00e9vident de les d\u00e9stabiliser et de nuire gravement \u00e0 notre pays\u00a0\u00bb.<\/p>\n\n\n\n<p>Nouvelles tensions entre la&nbsp;France et l\u2019Alg\u00e9rie. Le minist\u00e8re alg\u00e9rien des Affaires \u00e9trang\u00e8res a convoqu\u00e9 l&rsquo;ambassadeur de France \u00e0 Alger pour adresser \u00ab\u00a0<em>une s\u00e9v\u00e8re mise en garde<\/em>\u00a0\u00bb \u00e0 Paris, accus\u00e9e d&rsquo;avoir men\u00e9 \u00ab\u00a0<em>des op\u00e9rations et man\u0153uvres agressives<\/em>\u00a0\u00bb pour \u00ab\u00a0<em>d\u00e9stabiliser<\/em>\u00a0\u00bb le pays, ont rapport\u00e9 plusieurs journaux alg\u00e9riens, dimanche 15 d\u00e9cembre.<\/p>\n\n\n\n<p>L&rsquo;ambassadeur St\u00e9phane Romatet s&rsquo;est ainsi vu \u00ab\u00a0<em>signifier la ferme r\u00e9probation des plus hautes autorit\u00e9s alg\u00e9riennes face aux nombreuses provocations et actes hostiles fran\u00e7ais en direction de l&rsquo;Alg\u00e9rie<\/em>\u00ab\u00a0, \u00e9crit le quotidien gouvernemental<em>&nbsp;El Moudjahid (Nouvelle fen\u00eatre),&nbsp;<\/em>qui estime que cette convocation \u00ab\u00a0<em>sonne comme une s\u00e9v\u00e8re mise en garde, qui intervient au lendemain de graves r\u00e9v\u00e9lations sur l&rsquo;implication [de la]&nbsp;DGSE, dans une campagne de recrutement d&rsquo;anciens terroristes en Alg\u00e9rie \u00e0 des fins de d\u00e9stabilisation<\/em>\u00a0\u00bb du pays.<\/p>\n\n\n\n<h2 class=\"wp-block-heading\">Des accusations contre la DGSE<\/h2>\n\n\n\n<p>C&rsquo;est en r\u00e9alit\u00e9 un documentaire diffus\u00e9 par la t\u00e9l\u00e9vision nationale&nbsp;EPTV&nbsp;et sur la cha\u00eene publique d&rsquo;information en continu&nbsp;AL24 News (Nouvelle fen\u00eatre), le 7 d\u00e9cembre dernier qui a mis le feu aux poudres. Cette \u00e9mission affirmait qu&rsquo;un \u00ab\u00a0<em>plan machiav\u00e9lique<\/em>\u00a0\u00bb de la DGSE, \u00ab\u00a0<em>brillamment d\u00e9jou\u00e9 par les services de s\u00e9curit\u00e9 alg\u00e9riens<\/em>\u00ab\u00a0, consistait \u00e0 recruter d&rsquo;anciens terroristes.<\/p>\n\n\n\n<p>Selon&nbsp;<em>Le Soir d&rsquo;Alg\u00e9rie<\/em> (Nouvelle fen\u00eatre), la partie alg\u00e9rienne a \u00ab\u00a0<em>tenu de vive voix \u00e0 d\u00e9signer clairement l&rsquo;origine de ces actes malveillants, la DGSE fran\u00e7aise (Direction g\u00e9n\u00e9rale de la s\u00e9curit\u00e9 ext\u00e9rieure)<\/em>\u00ab\u00a0. L&rsquo;agence de renseignement aurait, selon ce journal, men\u00e9 un certain nombre d'\u00a0\u00bb<em>op\u00e9rations et de man\u0153uvres agressives ciblant des institutions de la R\u00e9publique alg\u00e9rienne dans le but \u00e9vident de les d\u00e9stabiliser et de nuire gravement \u00e0 notre pays<\/em>\u00ab\u00a0.&nbsp;<\/p>\n\n\n\n<p>L&rsquo;ambassadeur fran\u00e7ais s&rsquo;est aussi vu reprocher des&nbsp;<em>\u00ab\u00a0faits tout aussi graves, des d\u00e9rapages qui ne rel\u00e8vent plus seulement de l&rsquo;acte inamical, mais bien d&rsquo;une volont\u00e9 notoire de nuire grandement \u00e0 l&rsquo;Alg\u00e9rie<\/em>\u00ab\u00a0, assure&nbsp;<em>Le Soir d&rsquo;Alg\u00e9rie<\/em>. Il s&rsquo;agit de \u00ab\u00a0<em>rencontres organis\u00e9es dans les murs de plusieurs repr\u00e9sentations battant pavillon fran\u00e7ais en Alg\u00e9rie et reconnues comme telles, r\u00e9unissant, autour de diplomates fran\u00e7ais de rangs divers, principalement des agents consulaires relevant de la DGSE, des personnes connues pour leur hostilit\u00e9 d\u00e9clar\u00e9e et permanente envers les institutions alg\u00e9riennes<\/em>\u00ab\u00a0, selon ce journal.&nbsp;<\/p>\n\n\n\n<p>Des accusations \u00ab\u00a0<em>infond\u00e9es et fantaisistes<\/em>\u00a0\u00bb a d\u00e9nonc\u00e9 le ministre d\u00e9missionnaire des Affaires \u00e9trang\u00e8res, Jean-No\u00ebl Barrot, sur&nbsp;France Inter(Nouvelle fen\u00eatre), dimanche.&nbsp;<\/p>\n\n\n\n<p>Ce nouvel \u00e9pisode de tensions entre Alger et Paris survient alors que&nbsp;Boualem Sansal&nbsp;est en d\u00e9tention depuis pr\u00e8s d&rsquo;un mois en Alg\u00e9rie, notamment pour \u00ab\u00a0<em>atteinte \u00e0 l&rsquo;int\u00e9grit\u00e9 territoriale<\/em>\u00ab\u00a0. Interpell\u00e9 le 16 novembre \u00e0 Alger, l&rsquo;\u00e9crivain franco-alg\u00e9rien est interrog\u00e9 apr\u00e8s des d\u00e9clarations sur un m\u00e9dia fran\u00e7ais r\u00e9put\u00e9 d&rsquo;extr\u00eame droite o\u00f9 il reprenait la th\u00e8se du Maroc selon laquelle son territoire aurait \u00e9t\u00e9 tronqu\u00e9 en faveur de l&rsquo;Alg\u00e9rie sous la colonisation fran\u00e7aise.<\/p>\n\n\n\n<p>Les relations franco-alg\u00e9riennes \u00e9taient d\u00e9j\u00e0 en pleines turbulences, l&rsquo;Alg\u00e9rie ayant retir\u00e9 son ambassadeur en France cet \u00e9t\u00e9 apr\u00e8s l&rsquo;annonce par Paris d&rsquo;un soutien appuy\u00e9 \u00e0 un plan sous souverainet\u00e9 marocaine pour l&rsquo;autonomie du Sahara occidental, un territoire revendiqu\u00e9 par les ind\u00e9pendantistes du Front Polisario soutenus par Alger.&nbsp;L&rsquo;ann\u00e9e 2022 semble donc bien loin, quand les deux pays avaient sign\u00e9, avec les honneurs, une d\u00e9claration pour un partenariat renouvel\u00e9.&nbsp;<\/p>\n\n\n\n<p><\/p>\n","protected":false},"excerpt":{"rendered":"<p>Plusieurs grands m\u00e9dias alg\u00e9riens rapportent une \u00ab\u00a0s\u00e9v\u00e8re mise en garde\u00a0\u00bb \u00e0 la France, accus\u00e9e d&rsquo;avoir men\u00e9 \u00ab\u00a0des op\u00e9rations et man\u0153uvres<\/p>\n","protected":false},"author":1,"featured_media":48753,"comment_status":"open","ping_status":"open","sticky":false,"template":"","format":"standard","meta":{"footnotes":""},"categories":[51],"tags":[],"class_list":["post-48752","post","type-post","status-publish","format-standard","has-post-thumbnail","hentry","category-general"],"_links":{"self":[{"href":"https:\/\/dekkbi.com\/index.php?rest_route=\/wp\/v2\/posts\/48752","targetHints":{"allow":["GET"]}}],"collection":[{"href":"https:\/\/dekkbi.com\/index.php?rest_route=\/wp\/v2\/posts"}],"about":[{"href":"https:\/\/dekkbi.com\/index.php?rest_route=\/wp\/v2\/types\/post"}],"author":[{"embeddable":true,"href":"https:\/\/dekkbi.com\/index.php?rest_route=\/wp\/v2\/users\/1"}],"replies":[{"embeddable":true,"href":"https:\/\/dekkbi.com\/index.php?rest_route=%2Fwp%2Fv2%2Fcomments&post=48752"}],"version-history":[{"count":3,"href":"https:\/\/dekkbi.com\/index.php?rest_route=\/wp\/v2\/posts\/48752\/revisions"}],"predecessor-version":[{"id":48766,"href":"https:\/\/dekkbi.com\/index.php?rest_route=\/wp\/v2\/posts\/48752\/revisions\/48766"}],"wp:featuredmedia":[{"embeddable":true,"href":"https:\/\/dekkbi.com\/index.php?rest_route=\/wp\/v2\/media\/48753"}],"wp:attachment":[{"href":"https:\/\/dekkbi.com\/index.php?rest_route=%2Fwp%2Fv2%2Fmedia&parent=48752"}],"wp:term":[{"taxonomy":"category","embeddable":true,"href":"https:\/\/dekkbi.com\/index.php?rest_route=%2Fwp%2Fv2%2Fcategories&post=48752"},{"taxonomy":"post_tag","embeddable":true,"href":"https:\/\/dekkbi.com\/index.php?rest_route=%2Fwp%2Fv2%2Ftags&post=48752"}],"curies":[{"name":"wp","href":"https:\/\/api.w.org\/{rel}","templated":true}]}}