{"id":48745,"date":"2024-12-16T11:06:32","date_gmt":"2024-12-16T11:06:32","guid":{"rendered":"https:\/\/dekkbi.com\/?p=48745"},"modified":"2024-12-16T11:06:32","modified_gmt":"2024-12-16T11:06:32","slug":"mairie-de-dakar-suite-a-la-revocation-de-barthelemy-dias-marie-rose-faye-nexclut-pas-la-possibilite-dune-delegation-speciale","status":"publish","type":"post","link":"https:\/\/dekkbi.com\/?p=48745","title":{"rendered":"Mairie de Dakar \u2013 Suite \u00e0 la r\u00e9vocation de Barth\u00e9lemy Dias : Marie Rose Faye n\u2019exclut pas la possibilit\u00e9 d\u2019une d\u00e9l\u00e9gation sp\u00e9ciale"},"content":{"rendered":"\n<p>Les tenants du pouvoir n\u2019en ont pas encore fini avec le maire de Dakar. Apr\u00e8s la r\u00e9vocation de Barth\u00e9lemy Dias act\u00e9e la semaine derni\u00e8re, il n\u2019est pas exclu d\u2019envisager \u00abune d\u00e9l\u00e9gation sp\u00e9ciale\u00bb pour diriger la mairie. \u00abTout est possible. Si nous constatons qu\u2019aucune personne n\u2019est capable de diriger efficacement la mairie et que celle-ci est dans une impasse, il n\u2019y a pas de raison de ne pas envisager une d\u00e9l\u00e9gation sp\u00e9ciale\u00bb, a dit hier Marie Rose Faye, Directrice g\u00e9n\u00e9rale de l\u2019Adepme et porte-parole adjointe de Pastef, lors de l\u2019\u00e9mission politique \u00abEn V\u00e9rit\u00e9\u00bb, diffus\u00e9e sur Radio S\u00e9n\u00e9gal (Rts). D\u2019apr\u00e8s&nbsp;Mme Faye, cette mesure, qui consisterait \u00e0 confier la gestion de la mairie \u00e0 une autorit\u00e9 administrative nomm\u00e9e par l\u2019Etat, viserait \u00e0 pallier les \u00abdysfonctionnements actuels\u00bb.<\/p>\n\n\n\n<p>Interpell\u00e9e sur la r\u00e9vocation de Barth\u00e9lemy Dias de son poste de d\u00e9put\u00e9, ainsi que sur l\u2019avenir de la mairie de Dakar, Marie Rose Faye a soutenu que cette d\u00e9cision rel\u00e8ve d\u2019une stricte application des textes l\u00e9gislatifs. \u00abCe ne sont pas l\u2019\u00e9l\u00e9gance ou les \u00e9motions qui dirigent ce pays, mais bien les lois et les chartes. Barth\u00e9lemy Dias a \u00e9t\u00e9 condamn\u00e9 en derni\u00e8re instance, et la Cour de cassation a confirm\u00e9 le verdict. A partir de ce moment, il est automatiquement d\u00e9chu de tout mandat \u00e9lectif. Ce n\u2019est pas une question de calcul politique, mais de respect des r\u00e8gles\u00bb, a d\u00e9clar\u00e9 Mme Faye. D\u2019apr\u00e8s la porte-parole adjointe du parti Pastef, cette r\u00e9vocation n\u2019a rien d\u2019une man\u0153uvre politique visant \u00e0 \u00e9liminer un adversaire. A l\u2019en croire, le moment choisi, apr\u00e8s les \u00e9lections, vise \u00e0 \u00e9viter toute interpr\u00e9tation erron\u00e9e d\u2019une volont\u00e9 d\u2019\u00e9carter un concurrent politique.<\/p>\n\n\n\n<p>A propos toujours de la mairie de la Ville de Dakar, la Directrice g\u00e9n\u00e9rale de l\u2019Adepme a donn\u00e9 son avis sur la gestion actuelle du fils de Jean-Paul Dias. \u00abLa gestion de Barth\u00e9lemy Dias ressemble \u00e0 celle d\u2019une propri\u00e9t\u00e9 priv\u00e9e. Il y a trop de laisser-aller. Les personnes qui prennent la d\u00e9fense de sa gestion prot\u00e8gent avant tout leurs propres int\u00e9r\u00eats. Nous avons d\u00e9nonc\u00e9 ces pratiques devant le Conseil municipal\u00bb, a fait savoir Marie Rose Faye. Avant d\u2019informer\u00a0 qu\u2019un audit sera men\u00e9 pour examiner les pratiques au sein de la mairie. Selon la camarade de Ousmane Sonko, \u00abcette initiative s\u2019inscrit dans une d\u00e9marche visant \u00e0 r\u00e9tablir la transparence et l\u2019efficacit\u00e9 dans la gestion municipale\u00bb. M\u00eame si Marie Rose ne fait pas de la candidature \u00e0 la mairie une priorit\u00e9, elle n\u2019exclut pas cependant de briguer le poste si ses comp\u00e9tences sont sollicit\u00e9es. Pour le moment, elle n\u2019en fait pas une obsession. \u00abMon objectif est de travailler pour le S\u00e9n\u00e9gal, partout o\u00f9 l\u2019on a besoin de mes comp\u00e9tences\u00bb, a-t-elle r\u00e9pondu \u00e0 la question des journalistes de Radio S\u00e9n\u00e9gal.<\/p>\n\n\n\n<p><strong>Par Justin GOMIS \u2013 justin@lequotidien.sn<\/strong><\/p>\n","protected":false},"excerpt":{"rendered":"<p>Les tenants du pouvoir n\u2019en ont pas encore fini avec le maire de Dakar. Apr\u00e8s la r\u00e9vocation de Barth\u00e9lemy Dias<\/p>\n","protected":false},"author":1,"featured_media":48746,"comment_status":"open","ping_status":"open","sticky":false,"template":"","format":"standard","meta":{"footnotes":""},"categories":[21],"tags":[],"class_list":["post-48745","post","type-post","status-publish","format-standard","has-post-thumbnail","hentry","category-societe"],"_links":{"self":[{"href":"https:\/\/dekkbi.com\/index.php?rest_route=\/wp\/v2\/posts\/48745","targetHints":{"allow":["GET"]}}],"collection":[{"href":"https:\/\/dekkbi.com\/index.php?rest_route=\/wp\/v2\/posts"}],"about":[{"href":"https:\/\/dekkbi.com\/index.php?rest_route=\/wp\/v2\/types\/post"}],"author":[{"embeddable":true,"href":"https:\/\/dekkbi.com\/index.php?rest_route=\/wp\/v2\/users\/1"}],"replies":[{"embeddable":true,"href":"https:\/\/dekkbi.com\/index.php?rest_route=%2Fwp%2Fv2%2Fcomments&post=48745"}],"version-history":[{"count":1,"href":"https:\/\/dekkbi.com\/index.php?rest_route=\/wp\/v2\/posts\/48745\/revisions"}],"predecessor-version":[{"id":48747,"href":"https:\/\/dekkbi.com\/index.php?rest_route=\/wp\/v2\/posts\/48745\/revisions\/48747"}],"wp:featuredmedia":[{"embeddable":true,"href":"https:\/\/dekkbi.com\/index.php?rest_route=\/wp\/v2\/media\/48746"}],"wp:attachment":[{"href":"https:\/\/dekkbi.com\/index.php?rest_route=%2Fwp%2Fv2%2Fmedia&parent=48745"}],"wp:term":[{"taxonomy":"category","embeddable":true,"href":"https:\/\/dekkbi.com\/index.php?rest_route=%2Fwp%2Fv2%2Fcategories&post=48745"},{"taxonomy":"post_tag","embeddable":true,"href":"https:\/\/dekkbi.com\/index.php?rest_route=%2Fwp%2Fv2%2Ftags&post=48745"}],"curies":[{"name":"wp","href":"https:\/\/api.w.org\/{rel}","templated":true}]}}